{"id":9740,"date":"2018-01-23T11:51:12","date_gmt":"2018-01-23T11:51:12","guid":{"rendered":"http:\/\/www.cookingchef-freun.de\/?p=9740"},"modified":"2018-01-23T12:12:32","modified_gmt":"2018-01-23T12:12:32","slug":"krusti-krusti-semmel","status":"publish","type":"post","link":"https:\/\/www.cookingchef-freun.de\/?p=9740","title":{"rendered":"Krusti Krusti-Semmel"},"content":{"rendered":"<p><a href=\"http:\/\/www.cookingchef-freun.de\/wordpress\/wp-content\/uploads\/2018\/01\/krusti_peterpetersmann.jpg\"><img decoding=\"async\" loading=\"lazy\" class=\"alignnone size-medium wp-image-9741\" src=\"http:\/\/www.cookingchef-freun.de\/wordpress\/wp-content\/uploads\/2018\/01\/krusti_peterpetersmann-300x225.jpg\" alt=\"\" width=\"300\" height=\"225\" srcset=\"https:\/\/www.cookingchef-freun.de\/wordpress\/wp-content\/uploads\/2018\/01\/krusti_peterpetersmann-300x225.jpg 300w, https:\/\/www.cookingchef-freun.de\/wordpress\/wp-content\/uploads\/2018\/01\/krusti_peterpetersmann-768x576.jpg 768w, https:\/\/www.cookingchef-freun.de\/wordpress\/wp-content\/uploads\/2018\/01\/krusti_peterpetersmann.jpg 960w\" sizes=\"(max-width: 300px) 100vw, 300px\" \/><\/a> <img decoding=\"async\" loading=\"lazy\" class=\"alignnone size-medium wp-image-9742\" src=\"http:\/\/www.cookingchef-freun.de\/wordpress\/wp-content\/uploads\/2018\/01\/krusti_peterpetersmann1-300x225.jpg\" alt=\"\" width=\"300\" height=\"225\" srcset=\"https:\/\/www.cookingchef-freun.de\/wordpress\/wp-content\/uploads\/2018\/01\/krusti_peterpetersmann1-300x225.jpg 300w, https:\/\/www.cookingchef-freun.de\/wordpress\/wp-content\/uploads\/2018\/01\/krusti_peterpetersmann1-768x576.jpg 768w, https:\/\/www.cookingchef-freun.de\/wordpress\/wp-content\/uploads\/2018\/01\/krusti_peterpetersmann1-1024x768.jpg 1024w, https:\/\/www.cookingchef-freun.de\/wordpress\/wp-content\/uploads\/2018\/01\/krusti_peterpetersmann1.jpg 1440w\" sizes=\"(max-width: 300px) 100vw, 300px\" \/><br \/>\nFoto und Rezept zur Verf\u00fcgung gestellt von Peter Petersmann<\/p>\n<p>Menge f\u00fcr 10 St\u00fcck<span class=\"text_exposed_show\"><br \/>\n12 Stunden Vorlaufzeit ben\u00f6tigt!<\/span><\/p>\n<p><strong>Zutaten:<\/strong><br \/>\n425 Gramm Weizenmehl, Typ 550<br \/>\n280 ml Wasser<br \/>\n10 Gramm Salz<br \/>\n6 Gramm frische Hefe oder Messerspitze Trockenhefe<br \/>\n10 Gramm enzymaktives Backmalz<br \/>\n1 EL Zuckerr\u00fcbensirup<br \/>\n15 Gramm weiche Butter<br \/>\nsp\u00e4ter: 75 Gramm Weizengriessmehl<\/p>\n<div class=\"text_exposed_show\">\n<p><strong>Zubereitung:<\/strong><br \/>\nAlle Zutaten ca. 12 Minuten kneten mit der CC.<\/p>\n<p>Teig in einer G\u00e4rsch\u00fcssel im K\u00fchlschrank 12 Stunden gehen lassen. Alle paar Stunden zur Mitte falten.<\/p>\n<p>Teig herausnehmen und ca. 30 Minuten bei Zimmerw\u00e4rme zur besseren Verarbeitbarkeit ruhen lassen.<\/p>\n<p>Eine l\u00e4ngliche Teigrolle formen und 10 gleich grosse St\u00fccke abstechen.<\/p>\n<p>Zu Br\u00f6tchen schleifen, mit Wasser einspr\u00fchen und in dem Weizengriess wenden.<\/p>\n<p>Mit dem Schluss nach unten auf ein Backpapier legen.<\/p>\n<p>Bei Raumtemperatur nochmals 30 Minuten gehen lassen, einen tiefen L\u00e4ngsschnitt, danach bei 240 Grad Umluft auf Backstein (vorgeheizt auf 270 Grad) ca. 20 Minuten backen.<\/p>\n<p>&nbsp;<\/p>\n<\/div>\n","protected":false},"excerpt":{"rendered":"<p>Foto und Rezept zur Verf\u00fcgung gestellt von Peter Petersmann Menge f\u00fcr 10 St\u00fcck 12 Stunden Vorlaufzeit ben\u00f6tigt! Zutaten: 425 Gramm Weizenmehl, Typ 550 280 ml Wasser 10 Gramm Salz 6 Gramm frische Hefe oder Messerspitze Trockenhefe 10 Gramm enzymaktives Backmalz 1 EL Zuckerr\u00fcbensirup 15 Gramm weiche Butter sp\u00e4ter: 75 Gramm Weizengriessmehl Zubereitung: Alle Zutaten ca. &hellip; <a href=\"https:\/\/www.cookingchef-freun.de\/?p=9740\" class=\"more-link\"><span class=\"screen-reader-text\">Krusti Krusti-Semmel<\/span> weiterlesen <span class=\"meta-nav\">&rarr;<\/span><\/a><\/p>\n","protected":false},"author":3,"featured_media":0,"comment_status":"open","ping_status":"open","sticky":false,"template":"","format":"standard","meta":[],"categories":[4],"tags":[1621,382,404,1622,778],"_links":{"self":[{"href":"https:\/\/www.cookingchef-freun.de\/index.php?rest_route=\/wp\/v2\/posts\/9740"}],"collection":[{"href":"https:\/\/www.cookingchef-freun.de\/index.php?rest_route=\/wp\/v2\/posts"}],"about":[{"href":"https:\/\/www.cookingchef-freun.de\/index.php?rest_route=\/wp\/v2\/types\/post"}],"author":[{"embeddable":true,"href":"https:\/\/www.cookingchef-freun.de\/index.php?rest_route=\/wp\/v2\/users\/3"}],"replies":[{"embeddable":true,"href":"https:\/\/www.cookingchef-freun.de\/index.php?rest_route=%2Fwp%2Fv2%2Fcomments&post=9740"}],"version-history":[{"count":3,"href":"https:\/\/www.cookingchef-freun.de\/index.php?rest_route=\/wp\/v2\/posts\/9740\/revisions"}],"predecessor-version":[{"id":9745,"href":"https:\/\/www.cookingchef-freun.de\/index.php?rest_route=\/wp\/v2\/posts\/9740\/revisions\/9745"}],"wp:attachment":[{"href":"https:\/\/www.cookingchef-freun.de\/index.php?rest_route=%2Fwp%2Fv2%2Fmedia&parent=9740"}],"wp:term":[{"taxonomy":"category","embeddable":true,"href":"https:\/\/www.cookingchef-freun.de\/index.php?rest_route=%2Fwp%2Fv2%2Fcategories&post=9740"},{"taxonomy":"post_tag","embeddable":true,"href":"https:\/\/www.cookingchef-freun.de\/index.php?rest_route=%2Fwp%2Fv2%2Ftags&post=9740"}],"curies":[{"name":"wp","href":"https:\/\/api.w.org\/{rel}","templated":true}]}}