{"id":9149,"date":"2017-10-03T20:50:28","date_gmt":"2017-10-03T20:50:28","guid":{"rendered":"http:\/\/www.cookingchef-freun.de\/?p=9149"},"modified":"2017-10-04T08:49:08","modified_gmt":"2017-10-04T08:49:08","slug":"apfel-karamell-marmelade-mit-fleur-de-sel","status":"publish","type":"post","link":"https:\/\/www.cookingchef-freun.de\/?p=9149","title":{"rendered":"Apfel-Karamell-Marmelade mit Fleur de Sel"},"content":{"rendered":"<p><a href=\"http:\/\/www.cookingchef-freun.de\/wordpress\/wp-content\/uploads\/2017\/10\/apfelkarmellzauber1_linda.jpg\"><img decoding=\"async\" loading=\"lazy\" class=\"alignnone size-medium wp-image-9154\" src=\"http:\/\/www.cookingchef-freun.de\/wordpress\/wp-content\/uploads\/2017\/10\/apfelkarmellzauber1_linda-300x225.jpg\" alt=\"apfelkarmellzauber1_linda\" width=\"300\" height=\"225\" srcset=\"https:\/\/www.cookingchef-freun.de\/wordpress\/wp-content\/uploads\/2017\/10\/apfelkarmellzauber1_linda-300x225.jpg 300w, https:\/\/www.cookingchef-freun.de\/wordpress\/wp-content\/uploads\/2017\/10\/apfelkarmellzauber1_linda-1024x768.jpg 1024w, https:\/\/www.cookingchef-freun.de\/wordpress\/wp-content\/uploads\/2017\/10\/apfelkarmellzauber1_linda.jpg 2048w\" sizes=\"(max-width: 300px) 100vw, 300px\" \/><\/a> <img decoding=\"async\" loading=\"lazy\" class=\"alignnone size-medium wp-image-9155\" src=\"http:\/\/www.cookingchef-freun.de\/wordpress\/wp-content\/uploads\/2017\/10\/apfelkaramellzauber-300x225.jpg\" alt=\"apfelkaramellzauber\" width=\"300\" height=\"225\" srcset=\"https:\/\/www.cookingchef-freun.de\/wordpress\/wp-content\/uploads\/2017\/10\/apfelkaramellzauber-300x225.jpg 300w, https:\/\/www.cookingchef-freun.de\/wordpress\/wp-content\/uploads\/2017\/10\/apfelkaramellzauber-1024x768.jpg 1024w, https:\/\/www.cookingchef-freun.de\/wordpress\/wp-content\/uploads\/2017\/10\/apfelkaramellzauber.jpg 2048w\" sizes=\"(max-width: 300px) 100vw, 300px\" \/><br \/>\nFotos und Rezept zur Verf\u00fcgung gestellt von Linda Peter<\/p>\n<p><span class=\" UFICommentActorAndBody\"><span data-ft=\"{&quot;tn&quot;:&quot;K&quot;}\"><span class=\"UFICommentBody _1n4g\"><strong>Zutaten:<\/strong><br \/>\n1 kg \u00c4pfel, gesch\u00e4lt und entkernt<br \/>\nLimettensaft von einer Limette<br \/>\n1\/8 l naturtr\u00fcber Apfelsaft<br \/>\n200 g Rohrzucker<br \/>\n500 g Gelierzucker, 2:1<br \/>\n1 schwach geh\u00e4ufter TL Fleur de Sel<\/span><\/span><\/span><\/p>\n<p><strong>Zubereitung:<\/strong><br \/>\n\u00c4pfel klein schneiden (Multizerkleinerer) und mit Limettensaft mischen.<br \/>\n<a href=\"http:\/\/www.cookingchef-freun.de\/wordpress\/wp-content\/uploads\/2017\/10\/apfelkaramellzauber4.jpg\"><img decoding=\"async\" loading=\"lazy\" class=\"alignnone size-medium wp-image-9151\" src=\"http:\/\/www.cookingchef-freun.de\/wordpress\/wp-content\/uploads\/2017\/10\/apfelkaramellzauber4-281x300.jpg\" alt=\"apfelkaramellzauber4\" width=\"281\" height=\"300\" srcset=\"https:\/\/www.cookingchef-freun.de\/wordpress\/wp-content\/uploads\/2017\/10\/apfelkaramellzauber4-281x300.jpg 281w, https:\/\/www.cookingchef-freun.de\/wordpress\/wp-content\/uploads\/2017\/10\/apfelkaramellzauber4.jpg 900w\" sizes=\"(max-width: 281px) 100vw, 281px\" \/><\/a><br \/>\nZucker und etwas vom Apfelsaft in den Kessel geben und 4 Minuten 140 Grad, Intervallstufe 1, karamellisieren lassen.<br \/>\n<a href=\"http:\/\/www.cookingchef-freun.de\/wordpress\/wp-content\/uploads\/2017\/10\/apfelkaramellzauber3.jpg\"><img decoding=\"async\" loading=\"lazy\" class=\"alignnone size-medium wp-image-9152\" src=\"http:\/\/www.cookingchef-freun.de\/wordpress\/wp-content\/uploads\/2017\/10\/apfelkaramellzauber3-300x225.jpg\" alt=\"apfelkaramellzauber3\" width=\"300\" height=\"225\" srcset=\"https:\/\/www.cookingchef-freun.de\/wordpress\/wp-content\/uploads\/2017\/10\/apfelkaramellzauber3-300x225.jpg 300w, https:\/\/www.cookingchef-freun.de\/wordpress\/wp-content\/uploads\/2017\/10\/apfelkaramellzauber3-1024x768.jpg 1024w, https:\/\/www.cookingchef-freun.de\/wordpress\/wp-content\/uploads\/2017\/10\/apfelkaramellzauber3.jpg 2048w\" sizes=\"(max-width: 300px) 100vw, 300px\" \/><\/a><br \/>\nDen Rest des Saftes dazu geben und mit Flexi verr\u00fchren.<br \/>\n<a href=\"http:\/\/www.cookingchef-freun.de\/wordpress\/wp-content\/uploads\/2017\/10\/apfelkaramellzauber_2.jpg\"><img decoding=\"async\" loading=\"lazy\" class=\"alignnone size-medium wp-image-9153\" src=\"http:\/\/www.cookingchef-freun.de\/wordpress\/wp-content\/uploads\/2017\/10\/apfelkaramellzauber_2-300x225.jpg\" alt=\"apfelkaramellzauber_2\" width=\"300\" height=\"225\" srcset=\"https:\/\/www.cookingchef-freun.de\/wordpress\/wp-content\/uploads\/2017\/10\/apfelkaramellzauber_2-300x225.jpg 300w, https:\/\/www.cookingchef-freun.de\/wordpress\/wp-content\/uploads\/2017\/10\/apfelkaramellzauber_2-1024x768.jpg 1024w, https:\/\/www.cookingchef-freun.de\/wordpress\/wp-content\/uploads\/2017\/10\/apfelkaramellzauber_2.jpg 2048w\" sizes=\"(max-width: 300px) 100vw, 300px\" \/><\/a><br \/>\nDie \u00c4pfel aus dem Multizerkleinerer in den Topf geben und alles 10 Min bei 100 Grad k\u00f6cheln lassen. Gelierzucker dazu geben und nochmal 3 Minuten k\u00f6cheln lassen.<br \/>\n<a href=\"http:\/\/www.cookingchef-freun.de\/wordpress\/wp-content\/uploads\/2017\/10\/apfelkaramellzauber5.jpg\"><img decoding=\"async\" loading=\"lazy\" class=\"alignnone size-medium wp-image-9150\" src=\"http:\/\/www.cookingchef-freun.de\/wordpress\/wp-content\/uploads\/2017\/10\/apfelkaramellzauber5-300x225.jpg\" alt=\"apfelkaramellzauber5\" width=\"300\" height=\"225\" srcset=\"https:\/\/www.cookingchef-freun.de\/wordpress\/wp-content\/uploads\/2017\/10\/apfelkaramellzauber5-300x225.jpg 300w, https:\/\/www.cookingchef-freun.de\/wordpress\/wp-content\/uploads\/2017\/10\/apfelkaramellzauber5-1024x768.jpg 1024w, https:\/\/www.cookingchef-freun.de\/wordpress\/wp-content\/uploads\/2017\/10\/apfelkaramellzauber5.jpg 2048w\" sizes=\"(max-width: 300px) 100vw, 300px\" \/><\/a><\/p>\n<p><span class=\" UFICommentActorAndBody\"><span data-ft=\"{&quot;tn&quot;:&quot;K&quot;}\"><span class=\"UFICommentBody _1n4g\">Das Salz kurz vor Ende unterr\u00fchren.<\/span><\/span><\/span><\/p>\n<p>Noch hei\u00df in saubere Gl\u00e4ser abf\u00fcllen und verschliessen <span class=\"_47e3 _5mfr\"><img decoding=\"async\" loading=\"lazy\" class=\"img\" src=\"https:\/\/static.xx.fbcdn.net\/images\/emoji.php\/v9\/fd8\/1.5\/16\/1f60a.png\" alt=\"\" width=\"16\" height=\"16\" \/><\/span><\/p>\n<p>&nbsp;<\/p>\n<p>&nbsp;<\/p>\n<p>&nbsp;<\/p>\n<p>&nbsp;<\/p>\n<p>&nbsp;<\/p>\n<p>&nbsp;<\/p>\n<p>&nbsp;<\/p>\n<p>&nbsp;<\/p>\n<p>&nbsp;<\/p>\n<p>&nbsp;<\/p>\n<p>&nbsp;<\/p>\n<p>&nbsp;<\/p>\n<p><span class=\" UFICommentActorAndBody\"><span data-ft=\"{&quot;tn&quot;:&quot;K&quot;}\"><span class=\"UFICommentBody _1n4g\"><br \/>\nDas Salz kurz vor Ende unterr\u00fchren.<\/span><\/span><\/span><\/p>\n<p>Noch hei\u00df in saubere Gl\u00e4ser abf\u00fcllen und verschliessen <span class=\"_47e3 _5mfr\"><img decoding=\"async\" loading=\"lazy\" class=\"img\" src=\"https:\/\/static.xx.fbcdn.net\/images\/emoji.php\/v9\/fd8\/1.5\/16\/1f60a.png\" alt=\"\" width=\"16\" height=\"16\" \/><\/span><\/p>\n","protected":false},"excerpt":{"rendered":"<p>Fotos und Rezept zur Verf\u00fcgung gestellt von Linda Peter Zutaten: 1 kg \u00c4pfel, gesch\u00e4lt und entkernt Limettensaft von einer Limette 1\/8 l naturtr\u00fcber Apfelsaft 200 g Rohrzucker 500 g Gelierzucker, 2:1 1 schwach geh\u00e4ufter TL Fleur de Sel Zubereitung: \u00c4pfel klein schneiden (Multizerkleinerer) und mit Limettensaft mischen. Zucker und etwas vom Apfelsaft in den Kessel &hellip; <a href=\"https:\/\/www.cookingchef-freun.de\/?p=9149\" class=\"more-link\"><span class=\"screen-reader-text\">Apfel-Karamell-Marmelade mit Fleur de Sel<\/span> weiterlesen <span class=\"meta-nav\">&rarr;<\/span><\/a><\/p>\n","protected":false},"author":3,"featured_media":0,"comment_status":"open","ping_status":"open","sticky":false,"template":"","format":"standard","meta":[],"categories":[126,38,135,124],"tags":[164,731,677,395],"_links":{"self":[{"href":"https:\/\/www.cookingchef-freun.de\/index.php?rest_route=\/wp\/v2\/posts\/9149"}],"collection":[{"href":"https:\/\/www.cookingchef-freun.de\/index.php?rest_route=\/wp\/v2\/posts"}],"about":[{"href":"https:\/\/www.cookingchef-freun.de\/index.php?rest_route=\/wp\/v2\/types\/post"}],"author":[{"embeddable":true,"href":"https:\/\/www.cookingchef-freun.de\/index.php?rest_route=\/wp\/v2\/users\/3"}],"replies":[{"embeddable":true,"href":"https:\/\/www.cookingchef-freun.de\/index.php?rest_route=%2Fwp%2Fv2%2Fcomments&post=9149"}],"version-history":[{"count":5,"href":"https:\/\/www.cookingchef-freun.de\/index.php?rest_route=\/wp\/v2\/posts\/9149\/revisions"}],"predecessor-version":[{"id":9160,"href":"https:\/\/www.cookingchef-freun.de\/index.php?rest_route=\/wp\/v2\/posts\/9149\/revisions\/9160"}],"wp:attachment":[{"href":"https:\/\/www.cookingchef-freun.de\/index.php?rest_route=%2Fwp%2Fv2%2Fmedia&parent=9149"}],"wp:term":[{"taxonomy":"category","embeddable":true,"href":"https:\/\/www.cookingchef-freun.de\/index.php?rest_route=%2Fwp%2Fv2%2Fcategories&post=9149"},{"taxonomy":"post_tag","embeddable":true,"href":"https:\/\/www.cookingchef-freun.de\/index.php?rest_route=%2Fwp%2Fv2%2Ftags&post=9149"}],"curies":[{"name":"wp","href":"https:\/\/api.w.org\/{rel}","templated":true}]}}