{"id":8523,"date":"2017-05-01T21:29:17","date_gmt":"2017-05-01T21:29:17","guid":{"rendered":"http:\/\/www.cookingchef-freun.de\/?p=8523"},"modified":"2017-05-08T11:23:50","modified_gmt":"2017-05-08T11:23:50","slug":"pikante-waffeln-mit-kartoffeln-und-karotten","status":"publish","type":"post","link":"https:\/\/www.cookingchef-freun.de\/?p=8523","title":{"rendered":"Pikante Waffeln mit Kartoffeln und Karotten"},"content":{"rendered":"<p><a href=\"http:\/\/www.cookingchef-freun.de\/wordpress\/wp-content\/uploads\/2017\/05\/pikantewaffeln_silvianie\u00dflvitek3.jpg\"><img decoding=\"async\" loading=\"lazy\" class=\"alignnone size-medium wp-image-8526\" src=\"http:\/\/www.cookingchef-freun.de\/wordpress\/wp-content\/uploads\/2017\/05\/pikantewaffeln_silvianie\u00dflvitek3-165x300.jpg\" alt=\"pikantewaffeln_silvianie\u00dflvitek3\" width=\"165\" height=\"300\" srcset=\"https:\/\/www.cookingchef-freun.de\/wordpress\/wp-content\/uploads\/2017\/05\/pikantewaffeln_silvianie\u00dflvitek3-165x300.jpg 165w, https:\/\/www.cookingchef-freun.de\/wordpress\/wp-content\/uploads\/2017\/05\/pikantewaffeln_silvianie\u00dflvitek3.jpg 528w\" sizes=\"(max-width: 165px) 100vw, 165px\" \/><\/a><a href=\"http:\/\/www.cookingchef-freun.de\/wordpress\/wp-content\/uploads\/2017\/05\/pikantewaffeln_silvianie\u00dflvitek2.jpg\"><img decoding=\"async\" loading=\"lazy\" class=\"alignnone size-medium wp-image-8527\" src=\"http:\/\/www.cookingchef-freun.de\/wordpress\/wp-content\/uploads\/2017\/05\/pikantewaffeln_silvianie\u00dflvitek2-165x300.jpg\" alt=\"pikantewaffeln_silvianie\u00dflvitek2\" width=\"165\" height=\"300\" srcset=\"https:\/\/www.cookingchef-freun.de\/wordpress\/wp-content\/uploads\/2017\/05\/pikantewaffeln_silvianie\u00dflvitek2-165x300.jpg 165w, https:\/\/www.cookingchef-freun.de\/wordpress\/wp-content\/uploads\/2017\/05\/pikantewaffeln_silvianie\u00dflvitek2.jpg 528w\" sizes=\"(max-width: 165px) 100vw, 165px\" \/><\/a><br \/>\nFotos\u00a0 und Rezept zur Verf\u00fcgung gestellt von Silvia Nie\u00dfl Vitek<\/p>\n<p>Der Schnitzler hat die Erd\u00e4pfel und Karotten in Sekunden geraffelt. Mit Sauerrahm- Knoblauch Dip und Paradeisersalat<\/p>\n<p><span data-ft=\"{&quot;tn&quot;:&quot;K&quot;}\"><span class=\"UFICommentBody _1n4g\"><strong>Zutaten:<\/strong><br \/>\n5 mittelgro\u00dfe Kartoffeln\/Erd\u00e4pfel<br \/>\n2 gro\u00dfe Karotten<br \/>\n2 gro\u00dfe Eier<br \/>\nca. 3 EL Mehl<br \/>\nSalz<br \/>\nPfeffer<br \/>\n2-3 Knoblauchzehen<br \/>\nkleine Zwiebel<br \/>\nFett f\u00fcr Waffeleisen<\/span><\/span><\/p>\n<p><strong>Zubereitung:<\/strong><br \/>\n5 mittelgro\u00dfe Erd\u00e4pfel vorkochen (nicht ganz durch).<\/p>\n<p>2 gro\u00dfe Karotten sch\u00e4len und in der Micro etwas vorkochen (ca. 2 Min.) mit etwas Wasser.<\/p>\n<p>Dann habe ich die Erd\u00e4pfeln und Karotten in der Kenwood CC mit dem Schnitzler (alternativ Multizerkleinerer\/Trommelraffel) geraffelt.<\/p>\n<p>Ebenso 2 gro\u00dfe Eier dazugegeben, ca. 3 E\u00dfl. Mehl, Salz (ich habe B\u00e4rlauchsalz genomnen), Pfeffer, 2-3 Zehen Knoblauch mit der Presse.<\/p>\n<p>Dann noch eine kleine Zwiebel feingehackt &#8211; alles gut verr\u00fchren.<br \/>\n<a href=\"http:\/\/www.cookingchef-freun.de\/wordpress\/wp-content\/uploads\/2017\/05\/pikantewaffeln_silvianie\u00dflvitek.jpg\"><img decoding=\"async\" loading=\"lazy\" class=\"alignnone size-medium wp-image-8529\" src=\"http:\/\/www.cookingchef-freun.de\/wordpress\/wp-content\/uploads\/2017\/05\/pikantewaffeln_silvianie\u00dflvitek-165x300.jpg\" alt=\"pikantewaffeln_silvianie\u00dflvitek\" width=\"165\" height=\"300\" srcset=\"https:\/\/www.cookingchef-freun.de\/wordpress\/wp-content\/uploads\/2017\/05\/pikantewaffeln_silvianie\u00dflvitek-165x300.jpg 165w, https:\/\/www.cookingchef-freun.de\/wordpress\/wp-content\/uploads\/2017\/05\/pikantewaffeln_silvianie\u00dflvitek.jpg 528w\" sizes=\"(max-width: 165px) 100vw, 165px\" \/><\/a> <a href=\"http:\/\/www.cookingchef-freun.de\/wordpress\/wp-content\/uploads\/2017\/05\/pikantewaffeln_silvianie\u00dflvitek1.jpg\"><img decoding=\"async\" loading=\"lazy\" class=\"alignnone size-medium wp-image-8528\" src=\"http:\/\/www.cookingchef-freun.de\/wordpress\/wp-content\/uploads\/2017\/05\/pikantewaffeln_silvianie\u00dflvitek1-165x300.jpg\" alt=\"pikantewaffeln_silvianie\u00dflvitek1\" width=\"165\" height=\"300\" srcset=\"https:\/\/www.cookingchef-freun.de\/wordpress\/wp-content\/uploads\/2017\/05\/pikantewaffeln_silvianie\u00dflvitek1-165x300.jpg 165w, https:\/\/www.cookingchef-freun.de\/wordpress\/wp-content\/uploads\/2017\/05\/pikantewaffeln_silvianie\u00dflvitek1.jpg 528w\" sizes=\"(max-width: 165px) 100vw, 165px\" \/><\/a><br \/>\nWaffeleisen etwas fetten, da eigentlich keine Fette in der Waffelmasse sind.<\/p>\n<p>Ich habe es etwas l\u00e4nger im Waffeleisen gemacht, da ich es knusprig wollte. Ca 5- 6 Min. Stufe 5 (Krups-Waffeleisen).<\/p>\n","protected":false},"excerpt":{"rendered":"<p>Fotos\u00a0 und Rezept zur Verf\u00fcgung gestellt von Silvia Nie\u00dfl Vitek Der Schnitzler hat die Erd\u00e4pfel und Karotten in Sekunden geraffelt. Mit Sauerrahm- Knoblauch Dip und Paradeisersalat Zutaten: 5 mittelgro\u00dfe Kartoffeln\/Erd\u00e4pfel 2 gro\u00dfe Karotten 2 gro\u00dfe Eier ca. 3 EL Mehl Salz Pfeffer 2-3 Knoblauchzehen kleine Zwiebel Fett f\u00fcr Waffeleisen Zubereitung: 5 mittelgro\u00dfe Erd\u00e4pfel vorkochen (nicht &hellip; <a href=\"https:\/\/www.cookingchef-freun.de\/?p=8523\" class=\"more-link\"><span class=\"screen-reader-text\">Pikante Waffeln mit Kartoffeln und Karotten<\/span> weiterlesen <span class=\"meta-nav\">&rarr;<\/span><\/a><\/p>\n","protected":false},"author":3,"featured_media":0,"comment_status":"open","ping_status":"open","sticky":false,"template":"","format":"standard","meta":[],"categories":[35,36,117,135,859,168,131,6,1522,124],"tags":[1517,1518],"_links":{"self":[{"href":"https:\/\/www.cookingchef-freun.de\/index.php?rest_route=\/wp\/v2\/posts\/8523"}],"collection":[{"href":"https:\/\/www.cookingchef-freun.de\/index.php?rest_route=\/wp\/v2\/posts"}],"about":[{"href":"https:\/\/www.cookingchef-freun.de\/index.php?rest_route=\/wp\/v2\/types\/post"}],"author":[{"embeddable":true,"href":"https:\/\/www.cookingchef-freun.de\/index.php?rest_route=\/wp\/v2\/users\/3"}],"replies":[{"embeddable":true,"href":"https:\/\/www.cookingchef-freun.de\/index.php?rest_route=%2Fwp%2Fv2%2Fcomments&post=8523"}],"version-history":[{"count":5,"href":"https:\/\/www.cookingchef-freun.de\/index.php?rest_route=\/wp\/v2\/posts\/8523\/revisions"}],"predecessor-version":[{"id":8532,"href":"https:\/\/www.cookingchef-freun.de\/index.php?rest_route=\/wp\/v2\/posts\/8523\/revisions\/8532"}],"wp:attachment":[{"href":"https:\/\/www.cookingchef-freun.de\/index.php?rest_route=%2Fwp%2Fv2%2Fmedia&parent=8523"}],"wp:term":[{"taxonomy":"category","embeddable":true,"href":"https:\/\/www.cookingchef-freun.de\/index.php?rest_route=%2Fwp%2Fv2%2Fcategories&post=8523"},{"taxonomy":"post_tag","embeddable":true,"href":"https:\/\/www.cookingchef-freun.de\/index.php?rest_route=%2Fwp%2Fv2%2Ftags&post=8523"}],"curies":[{"name":"wp","href":"https:\/\/api.w.org\/{rel}","templated":true}]}}