{"id":8480,"date":"2017-04-24T21:22:16","date_gmt":"2017-04-24T21:22:16","guid":{"rendered":"http:\/\/www.cookingchef-freun.de\/?p=8480"},"modified":"2017-04-26T08:20:36","modified_gmt":"2017-04-26T08:20:36","slug":"walnuss-apfelschnecke","status":"publish","type":"post","link":"https:\/\/www.cookingchef-freun.de\/?p=8480","title":{"rendered":"Walnuss-Apfelschnecke"},"content":{"rendered":"<p><img decoding=\"async\" loading=\"lazy\" class=\"alignnone size-medium wp-image-8481\" src=\"http:\/\/www.cookingchef-freun.de\/wordpress\/wp-content\/uploads\/2017\/04\/walnussapfelschnecke_heidikampl-300x169.jpg\" alt=\"walnussapfelschnecke_heidikampl\" width=\"300\" height=\"169\" srcset=\"https:\/\/www.cookingchef-freun.de\/wordpress\/wp-content\/uploads\/2017\/04\/walnussapfelschnecke_heidikampl-300x169.jpg 300w, https:\/\/www.cookingchef-freun.de\/wordpress\/wp-content\/uploads\/2017\/04\/walnussapfelschnecke_heidikampl.jpg 480w\" sizes=\"(max-width: 300px) 100vw, 300px\" \/><br \/>\nFoto und Rezept zur Verf\u00fcgung gestellt von Heidi Kampl<\/p>\n<p><strong>Zutaten:<\/strong><br \/>\n<span data-ft=\"{&quot;tn&quot;:&quot;K&quot;}\"><span class=\"UFICommentBody _1n4g\"><em>Teig<\/em><br \/>\n300 ml Milch<br \/>\n1 Packung Hefe<br \/>\n450 g Mehl<br \/>\n60 g Zucker<br \/>\n50 g Butter<br \/>\n1 Ei<br \/>\nSalz<\/span><\/span><\/p>\n<p><em>F\u00fcllung<\/em><br \/>\n2 gro\u00dfe \u00c4pfel<br \/>\n100 g N\u00fcsse<br \/>\n70 g weiche Butter<br \/>\n100 g Zucker<br \/>\n3 TL Zimt<\/p>\n<p><em>Zuckerglasur<\/em><br \/>\n150 g Puderzucker<br \/>\n2 EL Milch<\/p>\n<p><strong>Zubereitung:<\/strong><br \/>\n<em>Teig<\/em><br \/>\nDie Milch in CC lauwarm erhitzen (ca. 35 Grad) und die Butter darin schmelzen.<br \/>\nMehl, Zucker, Hefe und Salz zugeben,<br \/>\nebenso das Ei zugeben und alles mit dem Knethaken zu einem Teig verr\u00fchren.<br \/>\n1h gehen lassen.<\/p>\n<p><em>F\u00fcllung<\/em><br \/>\n\u00c4pfel 1 cm gro\u00dfe St\u00fccke w\u00fcrfeln (von Hand oder W\u00fcrfelschneider), Waln\u00fcsse grob haken (Multizerkleinerer), vermischen.<\/p>\n<p>Butter in CC geben, 35 Grad, Flexielement und r\u00fchren, damit Butter weich wird ( nicht fl\u00fcssig) und mit dem Zimt und Zucker vermengen.<\/p>\n<p>Springform einfetten.<\/p>\n<p>Teig nach dem gehen halbieren. Auf bemehlter Fl\u00e4che rechteckig (etwa 40&#215;20 cm) d\u00fcnn ausrollen.<\/p>\n<p>Beide aufgerollten Teigst\u00fccke mit der Butter-Zuckermischung bestreichen und danach die \u00c4pfel-Walnussmischung drauf verteilen.<\/p>\n<p>Den Teig jeweils in 5-6 gleichm\u00e4\u00dfige Streifen schneiden.<\/p>\n<p>Den 1. Teigstreifen schneckenf\u00f6rmig aufrollen.<\/p>\n<p>Diese Schnecke auf den 2. Stellen und diesen ebenso aufrollen. Weiter so&#8230;.<br \/>\n30 min. abgedeckt gehen lassen.<br \/>\n200 C Ober und Unterhitze vorheizen.<br \/>\n40-50 min. backen lassen<br \/>\n(170 C)<\/p>\n<p>Nach dem Backen mit Glasur betr\u00e4ufeln<br \/>\n(Puderzucker mit Milch vermengen. Wenn zu fl\u00fcssig sollte breiig sein, dann noch Puderzucker dazu)<\/p>\n","protected":false},"excerpt":{"rendered":"<p>Foto und Rezept zur Verf\u00fcgung gestellt von Heidi Kampl Zutaten: Teig 300 ml Milch 1 Packung Hefe 450 g Mehl 60 g Zucker 50 g Butter 1 Ei Salz F\u00fcllung 2 gro\u00dfe \u00c4pfel 100 g N\u00fcsse 70 g weiche Butter 100 g Zucker 3 TL Zimt Zuckerglasur 150 g Puderzucker 2 EL Milch Zubereitung: Teig &hellip; <a href=\"https:\/\/www.cookingchef-freun.de\/?p=8480\" class=\"more-link\"><span class=\"screen-reader-text\">Walnuss-Apfelschnecke<\/span> weiterlesen <span class=\"meta-nav\">&rarr;<\/span><\/a><\/p>\n","protected":false},"author":3,"featured_media":0,"comment_status":"open","ping_status":"open","sticky":false,"template":"","format":"standard","meta":[],"categories":[125,8,135,137,124],"tags":[105,207],"_links":{"self":[{"href":"https:\/\/www.cookingchef-freun.de\/index.php?rest_route=\/wp\/v2\/posts\/8480"}],"collection":[{"href":"https:\/\/www.cookingchef-freun.de\/index.php?rest_route=\/wp\/v2\/posts"}],"about":[{"href":"https:\/\/www.cookingchef-freun.de\/index.php?rest_route=\/wp\/v2\/types\/post"}],"author":[{"embeddable":true,"href":"https:\/\/www.cookingchef-freun.de\/index.php?rest_route=\/wp\/v2\/users\/3"}],"replies":[{"embeddable":true,"href":"https:\/\/www.cookingchef-freun.de\/index.php?rest_route=%2Fwp%2Fv2%2Fcomments&post=8480"}],"version-history":[{"count":3,"href":"https:\/\/www.cookingchef-freun.de\/index.php?rest_route=\/wp\/v2\/posts\/8480\/revisions"}],"predecessor-version":[{"id":8486,"href":"https:\/\/www.cookingchef-freun.de\/index.php?rest_route=\/wp\/v2\/posts\/8480\/revisions\/8486"}],"wp:attachment":[{"href":"https:\/\/www.cookingchef-freun.de\/index.php?rest_route=%2Fwp%2Fv2%2Fmedia&parent=8480"}],"wp:term":[{"taxonomy":"category","embeddable":true,"href":"https:\/\/www.cookingchef-freun.de\/index.php?rest_route=%2Fwp%2Fv2%2Fcategories&post=8480"},{"taxonomy":"post_tag","embeddable":true,"href":"https:\/\/www.cookingchef-freun.de\/index.php?rest_route=%2Fwp%2Fv2%2Ftags&post=8480"}],"curies":[{"name":"wp","href":"https:\/\/api.w.org\/{rel}","templated":true}]}}