{"id":8385,"date":"2017-04-12T20:07:17","date_gmt":"2017-04-12T20:07:17","guid":{"rendered":"http:\/\/www.cookingchef-freun.de\/?p=8385"},"modified":"2017-04-13T08:08:21","modified_gmt":"2017-04-13T08:08:21","slug":"mueslistangen","status":"publish","type":"post","link":"https:\/\/www.cookingchef-freun.de\/?p=8385","title":{"rendered":"M\u00fcslistangen"},"content":{"rendered":"<p><img decoding=\"async\" loading=\"lazy\" class=\"alignnone size-medium wp-image-8388\" src=\"http:\/\/www.cookingchef-freun.de\/wordpress\/wp-content\/uploads\/2017\/04\/mueslistangen_billawepunkt1-165x300.jpg\" alt=\"mueslistangen_billawepunkt1\" width=\"165\" height=\"300\" srcset=\"https:\/\/www.cookingchef-freun.de\/wordpress\/wp-content\/uploads\/2017\/04\/mueslistangen_billawepunkt1-165x300.jpg 165w, https:\/\/www.cookingchef-freun.de\/wordpress\/wp-content\/uploads\/2017\/04\/mueslistangen_billawepunkt1.jpg 528w\" sizes=\"(max-width: 165px) 100vw, 165px\" \/><a href=\"http:\/\/www.cookingchef-freun.de\/wordpress\/wp-content\/uploads\/2017\/04\/mueslistangenbilla.jpg\"><img decoding=\"async\" loading=\"lazy\" class=\"alignnone size-medium wp-image-8409\" src=\"http:\/\/www.cookingchef-freun.de\/wordpress\/wp-content\/uploads\/2017\/04\/mueslistangenbilla-167x300.jpg\" alt=\"mueslistangenbilla\" width=\"167\" height=\"300\" srcset=\"https:\/\/www.cookingchef-freun.de\/wordpress\/wp-content\/uploads\/2017\/04\/mueslistangenbilla-167x300.jpg 167w, https:\/\/www.cookingchef-freun.de\/wordpress\/wp-content\/uploads\/2017\/04\/mueslistangenbilla.jpg 175w\" sizes=\"(max-width: 167px) 100vw, 167px\" \/><\/a><br \/>\nFotos Billa Wepunkt<\/p>\n<p>Rezept aus Genussheft 03\/2017 und von Billa Wepunkt ausprobiert<\/p>\n<p><span data-ft=\"{&quot;tn&quot;:&quot;K&quot;}\"><span class=\"UFICommentBody _1n4g\"><strong>Zutaten:<\/strong><br \/>\n500g Fr\u00fcchtem\u00fcsli<br \/>\n1\/2 W\u00fcrfel frische Hefe<br \/>\n150g frischer Sauerteig<br \/>\n700g Weizenmehl<br \/>\n2 TL Salz<br \/>\nAnmerkung Billa: Ich habe zum Teig noch 50g Haferflocken dazu und gef\u00fchlt 100g Mehl einkneten m\u00fcssen, dass er ausrollbar war!!!<\/span><\/span><\/p>\n<p><strong>Zubereitung:<\/strong><br \/>\n300g M\u00fcsli in 400ml Wasser einweichen und zwei Stunden stehenlassen.<\/p>\n<p>150ml Wasser (Tipp Billa: etwas reduzieren, Teig war sehr fl\u00fcssig) in CC auf 35\u00ba erw\u00e4rmen und die Hefe aufl\u00f6sen.<\/p>\n<p>Dann alle anderen Zutaten dazu geben und gut 5 Min mit dem Knethaken bearbeiten. Tipp Billa: Zus\u00e4tzlich 2 EL Honig zu geben. Wenn der Teig zu fl\u00fcssig ist, Haferflocken dazu geben.<\/p>\n<p>60 Min ruhen lassen.<br \/>\n<a href=\"http:\/\/www.cookingchef-freun.de\/wordpress\/wp-content\/uploads\/2017\/04\/mueslistangen_billawepunkt2.jpg\"><img decoding=\"async\" loading=\"lazy\" class=\"alignnone size-medium wp-image-8387\" src=\"http:\/\/www.cookingchef-freun.de\/wordpress\/wp-content\/uploads\/2017\/04\/mueslistangen_billawepunkt2-165x300.jpg\" alt=\"mueslistangen_billawepunkt2\" width=\"165\" height=\"300\" srcset=\"https:\/\/www.cookingchef-freun.de\/wordpress\/wp-content\/uploads\/2017\/04\/mueslistangen_billawepunkt2-165x300.jpg 165w, https:\/\/www.cookingchef-freun.de\/wordpress\/wp-content\/uploads\/2017\/04\/mueslistangen_billawepunkt2.jpg 528w\" sizes=\"(max-width: 165px) 100vw, 165px\" \/><\/a><br \/>\nDann die Arbeitsfl\u00e4che gut bemehlen, den Teig kurz kneten und dann ausrollen. Restliches M\u00fcsli daraufsteuen und ein Mal falten.<br \/>\n<a href=\"http:\/\/www.cookingchef-freun.de\/wordpress\/wp-content\/uploads\/2017\/04\/mueslistangen_billawepunkt1.jpg\"><img decoding=\"async\" loading=\"lazy\" class=\"alignnone size-medium wp-image-8388\" src=\"http:\/\/www.cookingchef-freun.de\/wordpress\/wp-content\/uploads\/2017\/04\/mueslistangen_billawepunkt1-165x300.jpg\" alt=\"mueslistangen_billawepunkt1\" width=\"165\" height=\"300\" srcset=\"https:\/\/www.cookingchef-freun.de\/wordpress\/wp-content\/uploads\/2017\/04\/mueslistangen_billawepunkt1-165x300.jpg 165w, https:\/\/www.cookingchef-freun.de\/wordpress\/wp-content\/uploads\/2017\/04\/mueslistangen_billawepunkt1.jpg 528w\" sizes=\"(max-width: 165px) 100vw, 165px\" \/><\/a><br \/>\nNochmal mit dem Nudelholz dr\u00fcber und Stangen in der L\u00e4nge von 10cm und 1cm breite schneiden&#8230;.verdrehen und ab aufs blech&#8230;.<br \/>\n<a href=\"http:\/\/www.cookingchef-freun.de\/wordpress\/wp-content\/uploads\/2017\/04\/mueslistangen_billawepunkt.jpg\"><img decoding=\"async\" loading=\"lazy\" class=\"alignnone size-medium wp-image-8389\" src=\"http:\/\/www.cookingchef-freun.de\/wordpress\/wp-content\/uploads\/2017\/04\/mueslistangen_billawepunkt-300x165.jpg\" alt=\"mueslistangen_billawepunkt\" width=\"300\" height=\"165\" srcset=\"https:\/\/www.cookingchef-freun.de\/wordpress\/wp-content\/uploads\/2017\/04\/mueslistangen_billawepunkt-300x165.jpg 300w, https:\/\/www.cookingchef-freun.de\/wordpress\/wp-content\/uploads\/2017\/04\/mueslistangen_billawepunkt.jpg 960w\" sizes=\"(max-width: 300px) 100vw, 300px\" \/><\/a><br \/>\n200\u00ba\u00a0 Umluft reicht und 20min auch. Wer es knackig mag, bespr\u00fcht sie mit Wasser&#8230;.<\/p>\n","protected":false},"excerpt":{"rendered":"<p>Fotos Billa Wepunkt Rezept aus Genussheft 03\/2017 und von Billa Wepunkt ausprobiert Zutaten: 500g Fr\u00fcchtem\u00fcsli 1\/2 W\u00fcrfel frische Hefe 150g frischer Sauerteig 700g Weizenmehl 2 TL Salz Anmerkung Billa: Ich habe zum Teig noch 50g Haferflocken dazu und gef\u00fchlt 100g Mehl einkneten m\u00fcssen, dass er ausrollbar war!!! Zubereitung: 300g M\u00fcsli in 400ml Wasser einweichen und &hellip; <a href=\"https:\/\/www.cookingchef-freun.de\/?p=8385\" class=\"more-link\"><span class=\"screen-reader-text\">M\u00fcslistangen<\/span> weiterlesen <span class=\"meta-nav\">&rarr;<\/span><\/a><\/p>\n","protected":false},"author":3,"featured_media":0,"comment_status":"open","ping_status":"open","sticky":false,"template":"","format":"standard","meta":[],"categories":[406,103,125,124],"tags":[1512,173],"_links":{"self":[{"href":"https:\/\/www.cookingchef-freun.de\/index.php?rest_route=\/wp\/v2\/posts\/8385"}],"collection":[{"href":"https:\/\/www.cookingchef-freun.de\/index.php?rest_route=\/wp\/v2\/posts"}],"about":[{"href":"https:\/\/www.cookingchef-freun.de\/index.php?rest_route=\/wp\/v2\/types\/post"}],"author":[{"embeddable":true,"href":"https:\/\/www.cookingchef-freun.de\/index.php?rest_route=\/wp\/v2\/users\/3"}],"replies":[{"embeddable":true,"href":"https:\/\/www.cookingchef-freun.de\/index.php?rest_route=%2Fwp%2Fv2%2Fcomments&post=8385"}],"version-history":[{"count":5,"href":"https:\/\/www.cookingchef-freun.de\/index.php?rest_route=\/wp\/v2\/posts\/8385\/revisions"}],"predecessor-version":[{"id":8411,"href":"https:\/\/www.cookingchef-freun.de\/index.php?rest_route=\/wp\/v2\/posts\/8385\/revisions\/8411"}],"wp:attachment":[{"href":"https:\/\/www.cookingchef-freun.de\/index.php?rest_route=%2Fwp%2Fv2%2Fmedia&parent=8385"}],"wp:term":[{"taxonomy":"category","embeddable":true,"href":"https:\/\/www.cookingchef-freun.de\/index.php?rest_route=%2Fwp%2Fv2%2Fcategories&post=8385"},{"taxonomy":"post_tag","embeddable":true,"href":"https:\/\/www.cookingchef-freun.de\/index.php?rest_route=%2Fwp%2Fv2%2Ftags&post=8385"}],"curies":[{"name":"wp","href":"https:\/\/api.w.org\/{rel}","templated":true}]}}