{"id":5519,"date":"2016-06-25T18:56:20","date_gmt":"2016-06-25T18:56:20","guid":{"rendered":"http:\/\/www.cookingchef-freun.de\/?p=5519"},"modified":"2016-08-17T21:06:38","modified_gmt":"2016-08-17T21:06:38","slug":"jungzwiebelaufstrich-fruehlingszwiebelaufstrich","status":"publish","type":"post","link":"https:\/\/www.cookingchef-freun.de\/?p=5519","title":{"rendered":"Jungzwiebelaufstrich Fr\u00fchlingszwiebelaufstrich"},"content":{"rendered":"<p><a href=\"http:\/\/www.cookingchef-freun.de\/wordpress\/wp-content\/uploads\/2016\/06\/jungzwiebelaufstrich1.jpg\"><img decoding=\"async\" loading=\"lazy\" class=\"alignnone size-medium wp-image-5520\" src=\"http:\/\/www.cookingchef-freun.de\/wordpress\/wp-content\/uploads\/2016\/06\/jungzwiebelaufstrich1-300x169.jpg\" alt=\"jungzwiebelaufstrich1\" width=\"300\" height=\"169\" srcset=\"https:\/\/www.cookingchef-freun.de\/wordpress\/wp-content\/uploads\/2016\/06\/jungzwiebelaufstrich1-300x169.jpg 300w, https:\/\/www.cookingchef-freun.de\/wordpress\/wp-content\/uploads\/2016\/06\/jungzwiebelaufstrich1.jpg 960w\" sizes=\"(max-width: 300px) 100vw, 300px\" \/><\/a> <a href=\"http:\/\/www.cookingchef-freun.de\/wordpress\/wp-content\/uploads\/2016\/06\/jungzwiebelaufstrich.jpg\"><img decoding=\"async\" loading=\"lazy\" class=\"alignnone size-medium wp-image-5521\" src=\"http:\/\/www.cookingchef-freun.de\/wordpress\/wp-content\/uploads\/2016\/06\/jungzwiebelaufstrich-300x169.jpg\" alt=\"jungzwiebelaufstrich\" width=\"300\" height=\"169\" srcset=\"https:\/\/www.cookingchef-freun.de\/wordpress\/wp-content\/uploads\/2016\/06\/jungzwiebelaufstrich-300x169.jpg 300w, https:\/\/www.cookingchef-freun.de\/wordpress\/wp-content\/uploads\/2016\/06\/jungzwiebelaufstrich.jpg 960w\" sizes=\"(max-width: 300px) 100vw, 300px\" \/><\/a>Rezept und Foto von Claudia Kraft<\/p>\n<div class=\"text_exposed_show\">\n<p><strong>Zutaten:<\/strong><br \/>\n1 Becher Frischk\u00e4se<br \/>\n2 EL Rahm\/Sahne<br \/>\nSalz, Pfeffer<br \/>\n2 St\u00fcck Jungzwiebeln\/Fr\u00fchlingszwiebel (wird mir mit Multi zu fein)<\/p>\n<p>Der Dip passt sehr gut zu in der CC ged\u00e4mpften Maiskolben (der Mais ist aber nicht LC).<\/p>\n<p><strong>Zubereitung:<\/strong><br \/>\nAlles bis auf Jungzwiebeln im Multi mit Messer mixen, die Jungzwiebeln zugeben. Fertig.<\/p>\n<p><em>Tipp Claudia Kraft: mit etwas Bl\u00e4tterteig zu Fingerfood und Partysnack verarbeiten:<\/em><\/p>\n<p><em>Bl\u00e4tterteig mit Schinken belegt, Jungzwiebel Aufstrich u Kr\u00e4utersalz drauf, einrollen, Scheiben abschneiden u in Muffinf\u00f6rmchen geben. Backen, fertig!<\/em><\/p>\n<p><a href=\"http:\/\/www.cookingchef-freun.de\/wordpress\/wp-content\/uploads\/2016\/06\/jungzwiebel4.jpg\"><img decoding=\"async\" loading=\"lazy\" class=\"alignnone size-medium wp-image-6009\" src=\"http:\/\/www.cookingchef-freun.de\/wordpress\/wp-content\/uploads\/2016\/06\/jungzwiebel4-300x169.jpg\" alt=\"jungzwiebel4\" width=\"300\" height=\"169\" srcset=\"https:\/\/www.cookingchef-freun.de\/wordpress\/wp-content\/uploads\/2016\/06\/jungzwiebel4-300x169.jpg 300w, https:\/\/www.cookingchef-freun.de\/wordpress\/wp-content\/uploads\/2016\/06\/jungzwiebel4.jpg 960w\" sizes=\"(max-width: 300px) 100vw, 300px\" \/><\/a> <a href=\"http:\/\/www.cookingchef-freun.de\/wordpress\/wp-content\/uploads\/2016\/06\/jungzwiebel3.jpg\"><img decoding=\"async\" loading=\"lazy\" class=\"alignnone size-medium wp-image-6010\" src=\"http:\/\/www.cookingchef-freun.de\/wordpress\/wp-content\/uploads\/2016\/06\/jungzwiebel3-300x169.jpg\" alt=\"jungzwiebel3\" width=\"300\" height=\"169\" srcset=\"https:\/\/www.cookingchef-freun.de\/wordpress\/wp-content\/uploads\/2016\/06\/jungzwiebel3-300x169.jpg 300w, https:\/\/www.cookingchef-freun.de\/wordpress\/wp-content\/uploads\/2016\/06\/jungzwiebel3.jpg 960w\" sizes=\"(max-width: 300px) 100vw, 300px\" \/><\/a> <a href=\"http:\/\/www.cookingchef-freun.de\/wordpress\/wp-content\/uploads\/2016\/06\/jungzwiebel2.jpg\"><img decoding=\"async\" loading=\"lazy\" class=\"alignnone size-medium wp-image-6011\" src=\"http:\/\/www.cookingchef-freun.de\/wordpress\/wp-content\/uploads\/2016\/06\/jungzwiebel2-300x169.jpg\" alt=\"jungzwiebel2\" width=\"300\" height=\"169\" srcset=\"https:\/\/www.cookingchef-freun.de\/wordpress\/wp-content\/uploads\/2016\/06\/jungzwiebel2-300x169.jpg 300w, https:\/\/www.cookingchef-freun.de\/wordpress\/wp-content\/uploads\/2016\/06\/jungzwiebel2.jpg 960w\" sizes=\"(max-width: 300px) 100vw, 300px\" \/><\/a> <a href=\"http:\/\/www.cookingchef-freun.de\/wordpress\/wp-content\/uploads\/2016\/06\/jungzwiebel1.jpg\"><img decoding=\"async\" loading=\"lazy\" class=\"alignnone size-medium wp-image-6012\" src=\"http:\/\/www.cookingchef-freun.de\/wordpress\/wp-content\/uploads\/2016\/06\/jungzwiebel1-300x169.jpg\" alt=\"jungzwiebel1\" width=\"300\" height=\"169\" srcset=\"https:\/\/www.cookingchef-freun.de\/wordpress\/wp-content\/uploads\/2016\/06\/jungzwiebel1-300x169.jpg 300w, https:\/\/www.cookingchef-freun.de\/wordpress\/wp-content\/uploads\/2016\/06\/jungzwiebel1.jpg 960w\" sizes=\"(max-width: 300px) 100vw, 300px\" \/><\/a><\/p>\n<\/div>\n","protected":false},"excerpt":{"rendered":"<p>Rezept und Foto von Claudia Kraft Zutaten: 1 Becher Frischk\u00e4se 2 EL Rahm\/Sahne Salz, Pfeffer 2 St\u00fcck Jungzwiebeln\/Fr\u00fchlingszwiebel (wird mir mit Multi zu fein) Der Dip passt sehr gut zu in der CC ged\u00e4mpften Maiskolben (der Mais ist aber nicht LC). Zubereitung: Alles bis auf Jungzwiebeln im Multi mit Messer mixen, die Jungzwiebeln zugeben. Fertig. &hellip; <a href=\"https:\/\/www.cookingchef-freun.de\/?p=5519\" class=\"more-link\"><span class=\"screen-reader-text\">Jungzwiebelaufstrich Fr\u00fchlingszwiebelaufstrich<\/span> weiterlesen <span class=\"meta-nav\">&rarr;<\/span><\/a><\/p>\n","protected":false},"author":3,"featured_media":0,"comment_status":"open","ping_status":"open","sticky":false,"template":"","format":"standard","meta":[],"categories":[406,34,238,135,124],"tags":[1236,277,367],"_links":{"self":[{"href":"https:\/\/www.cookingchef-freun.de\/index.php?rest_route=\/wp\/v2\/posts\/5519"}],"collection":[{"href":"https:\/\/www.cookingchef-freun.de\/index.php?rest_route=\/wp\/v2\/posts"}],"about":[{"href":"https:\/\/www.cookingchef-freun.de\/index.php?rest_route=\/wp\/v2\/types\/post"}],"author":[{"embeddable":true,"href":"https:\/\/www.cookingchef-freun.de\/index.php?rest_route=\/wp\/v2\/users\/3"}],"replies":[{"embeddable":true,"href":"https:\/\/www.cookingchef-freun.de\/index.php?rest_route=%2Fwp%2Fv2%2Fcomments&post=5519"}],"version-history":[{"count":4,"href":"https:\/\/www.cookingchef-freun.de\/index.php?rest_route=\/wp\/v2\/posts\/5519\/revisions"}],"predecessor-version":[{"id":6013,"href":"https:\/\/www.cookingchef-freun.de\/index.php?rest_route=\/wp\/v2\/posts\/5519\/revisions\/6013"}],"wp:attachment":[{"href":"https:\/\/www.cookingchef-freun.de\/index.php?rest_route=%2Fwp%2Fv2%2Fmedia&parent=5519"}],"wp:term":[{"taxonomy":"category","embeddable":true,"href":"https:\/\/www.cookingchef-freun.de\/index.php?rest_route=%2Fwp%2Fv2%2Fcategories&post=5519"},{"taxonomy":"post_tag","embeddable":true,"href":"https:\/\/www.cookingchef-freun.de\/index.php?rest_route=%2Fwp%2Fv2%2Ftags&post=5519"}],"curies":[{"name":"wp","href":"https:\/\/api.w.org\/{rel}","templated":true}]}}