{"id":4567,"date":"2016-03-07T08:45:23","date_gmt":"2016-03-07T08:45:23","guid":{"rendered":"http:\/\/www.cookingchef-freun.de\/?p=4567"},"modified":"2024-11-15T16:53:49","modified_gmt":"2024-11-15T16:53:49","slug":"engadiner-nusstorte","status":"publish","type":"post","link":"https:\/\/www.cookingchef-freun.de\/?p=4567","title":{"rendered":"Engadiner Nusstorte"},"content":{"rendered":"<p><a href=\"http:\/\/www.cookingchef-freun.de\/wordpress\/wp-content\/uploads\/2016\/03\/engadiner.jpg\"><img decoding=\"async\" loading=\"lazy\" class=\"alignnone size-medium wp-image-4568\" src=\"http:\/\/www.cookingchef-freun.de\/wordpress\/wp-content\/uploads\/2016\/03\/engadiner-300x224.jpg\" alt=\"engadiner\" width=\"300\" height=\"224\" srcset=\"https:\/\/www.cookingchef-freun.de\/wordpress\/wp-content\/uploads\/2016\/03\/engadiner-300x224.jpg 300w, https:\/\/www.cookingchef-freun.de\/wordpress\/wp-content\/uploads\/2016\/03\/engadiner.jpg 850w\" sizes=\"(max-width: 300px) 100vw, 300px\" \/><\/a><br \/>\nFoto und Rezept von Dagmar M\u00f6ller zu finden bei <a href=\"https:\/\/toepfle-und-deckele.blogspot.com\" target=\"_blank\" rel=\"noopener\">T\u00f6pfle und Deckele<\/a><\/p>\n<p><strong>Zutaten:<\/strong><br \/>\n<span data-ft=\"{&quot;tn&quot;:&quot;K&quot;}\">1 Springform \u00e0 28 cm Durchmesser<\/span><\/p>\n<p><em>F\u00fcr den Teig:<\/em><br \/>\n80 g Zucker<br \/>\n200 g Mehl<br \/>\n100 g kalte Butter<br \/>\n1 kleineres Ei<\/p>\n<p>F\u00fcr die F\u00fcllung:<br \/>\n300 g Waln\u00fcsse<br \/>\n200 g brauner Zucker<br \/>\n50 g Honig<br \/>\n2 EL Wasser<br \/>\n125 ml Sahne<\/p>\n<p><em>Sonstige Zutaten:<\/em><br \/>\netwas Butter<br \/>\netwas Mehl<br \/>\n20 g gemahlene Waln\u00fcsse (Gew\u00fcrzm\u00fchle)<br \/>\netwas Puderzucker<\/p>\n<p><strong>Zubereitung:<\/strong><br \/>\n<span data-ft=\"{&quot;tn&quot;:&quot;K&quot;}\"><br \/>\n<em>F\u00fcr den Teig:<\/em><br \/>\nAlle Zutaten im Multi schnell zu einem Teig verarbeiten. In Folie einwickeln und 30 Minuten kalt stellen.<\/span><\/p>\n<p><span data-ft=\"{&quot;tn&quot;:&quot;K&quot;}\">Backofen auf 180\u00b0C O\/U vorheizen.<\/span><\/p>\n<p><em>F\u00fcr die F\u00fcllung:<\/em><br \/>\nWaln\u00fcsse, Zucker, Honig und Wasser in einer beschichteten Pfanne langsam karamellisieren. Hitze reduzieren, Sahne zuf\u00fcgen und 4-6 Minuten k\u00f6cheln lassen. Nuss-Karamell etwas abk\u00fchlen lassen.<\/p>\n<p>Springform mit Butter bestreichen und Mehl best\u00e4uben. Teig kurz kneten und auf bemehlter Fl\u00e4che ca. 4 mm dick rund ausrollen (Durchmesser ca. 33 cm). Mit einem Wasserglas am Rand gleichm\u00e4\u00dfig mehrfach Halbmonde ausstechen. Abgestochenen Teig zusammendr\u00fccken, neu ausrollen und mit Ausstecher-Form Verzierungen herstellen.<\/p>\n<p>Teig mit Hilfe des Wellholzes in die Form heben, mit einer Gabel mehrmals einstechen und gemahlene N\u00fcsse darauf verteilen. Dann die F\u00fcllung auf den Teig geben. \u00dcberstehenden Rand \u00fcber die Nussmasse klappen. Verzierungen auf die Mitte setzen und andr\u00fccken.<\/p>\n<p>60 Minuten in der mittleren Schiene backen. Ausk\u00fchlen lassen und den Rand mit Puderzucker best\u00e4uben.<\/p>\n","protected":false},"excerpt":{"rendered":"<p>Foto und Rezept von Dagmar M\u00f6ller zu finden bei T\u00f6pfle und Deckele Zutaten: 1 Springform \u00e0 28 cm Durchmesser F\u00fcr den Teig: 80 g Zucker 200 g Mehl 100 g kalte Butter 1 kleineres Ei F\u00fcr die F\u00fcllung: 300 g Waln\u00fcsse 200 g brauner Zucker 50 g Honig 2 EL Wasser 125 ml Sahne Sonstige &hellip; <a href=\"https:\/\/www.cookingchef-freun.de\/?p=4567\" class=\"more-link\"><span class=\"screen-reader-text\">Engadiner Nusstorte<\/span> weiterlesen <span class=\"meta-nav\">&rarr;<\/span><\/a><\/p>\n","protected":false},"author":8,"featured_media":0,"comment_status":"open","ping_status":"open","sticky":false,"template":"","format":"standard","meta":[],"categories":[128,8,135,124],"tags":[202,115,767,99],"_links":{"self":[{"href":"https:\/\/www.cookingchef-freun.de\/index.php?rest_route=\/wp\/v2\/posts\/4567"}],"collection":[{"href":"https:\/\/www.cookingchef-freun.de\/index.php?rest_route=\/wp\/v2\/posts"}],"about":[{"href":"https:\/\/www.cookingchef-freun.de\/index.php?rest_route=\/wp\/v2\/types\/post"}],"author":[{"embeddable":true,"href":"https:\/\/www.cookingchef-freun.de\/index.php?rest_route=\/wp\/v2\/users\/8"}],"replies":[{"embeddable":true,"href":"https:\/\/www.cookingchef-freun.de\/index.php?rest_route=%2Fwp%2Fv2%2Fcomments&post=4567"}],"version-history":[{"count":2,"href":"https:\/\/www.cookingchef-freun.de\/index.php?rest_route=\/wp\/v2\/posts\/4567\/revisions"}],"predecessor-version":[{"id":13073,"href":"https:\/\/www.cookingchef-freun.de\/index.php?rest_route=\/wp\/v2\/posts\/4567\/revisions\/13073"}],"wp:attachment":[{"href":"https:\/\/www.cookingchef-freun.de\/index.php?rest_route=%2Fwp%2Fv2%2Fmedia&parent=4567"}],"wp:term":[{"taxonomy":"category","embeddable":true,"href":"https:\/\/www.cookingchef-freun.de\/index.php?rest_route=%2Fwp%2Fv2%2Fcategories&post=4567"},{"taxonomy":"post_tag","embeddable":true,"href":"https:\/\/www.cookingchef-freun.de\/index.php?rest_route=%2Fwp%2Fv2%2Ftags&post=4567"}],"curies":[{"name":"wp","href":"https:\/\/api.w.org\/{rel}","templated":true}]}}