{"id":4457,"date":"2016-02-21T22:09:22","date_gmt":"2016-02-21T22:09:22","guid":{"rendered":"http:\/\/www.cookingchef-freun.de\/?p=4457"},"modified":"2016-02-29T12:51:25","modified_gmt":"2016-02-29T12:51:25","slug":"crema-catalana","status":"publish","type":"post","link":"https:\/\/www.cookingchef-freun.de\/?p=4457","title":{"rendered":"Crema Catalana"},"content":{"rendered":"<p><span data-ft=\"{&quot;tn&quot;:&quot;K&quot;}\"><span class=\"UFICommentBody _1n4g\"><a href=\"http:\/\/www.cookingchef-freun.de\/wordpress\/wp-content\/uploads\/2016\/02\/cremecatalanamanfred.jpg\"><img decoding=\"async\" loading=\"lazy\" class=\"alignnone size-medium wp-image-4458\" src=\"http:\/\/www.cookingchef-freun.de\/wordpress\/wp-content\/uploads\/2016\/02\/cremecatalanamanfred-300x261.jpg\" alt=\"cremecatalanamanfred\" width=\"300\" height=\"261\" srcset=\"https:\/\/www.cookingchef-freun.de\/wordpress\/wp-content\/uploads\/2016\/02\/cremecatalanamanfred-300x261.jpg 300w, https:\/\/www.cookingchef-freun.de\/wordpress\/wp-content\/uploads\/2016\/02\/cremecatalanamanfred.jpg 720w\" sizes=\"(max-width: 300px) 100vw, 300px\" \/><\/a><br \/>\nFoto von Manfred Cuntz<\/span><\/span><\/p>\n<p>Rezept von &#8222;F\u00fcr jeden Tag 8\/2006&#8220;, angepasst von Manfred Cuntz f\u00fcr die CC<\/p>\n<p><strong>Zutaten<\/strong> <strong>f\u00fcr 4 Personen:<\/strong><br \/>\n50 g Speisest\u00e4rke<br \/>\n750 ml Milch<br \/>\n6 Eigelb (Kl. M)<br \/>\n50 g Zucker<br \/>\n4-5 El und zum Bestreuen<br \/>\nfein abgeriebene Schale von 1\/2 unbehandelten Zitrone<\/p>\n<p><span data-ft=\"{&quot;tn&quot;:&quot;K&quot;}\"><span class=\"UFICommentBody _1n4g\"><strong>Zubereitung:<\/strong><br \/>\nSpeisest\u00e4rke in 150 ml Milch aufl\u00f6sen.<\/span><\/span><\/p>\n<p>Flexi mit schwarzer Gummilippe einsetzen.<br \/>\n600 ml Milch aufkochen, Zitronenschale dazugeben, beiseite stellen.<\/p>\n<p>Ballonbesen, langsam steigern bis Stufe 6<br \/>\nEigelb und Zucker schaumig schlagen. Dauer ca. 2min.<\/p>\n<p>Flexi mit schwarzer Gummilippe, Kochstufe I<br \/>\nSt\u00e4rkemilch dazugeben und gut verr\u00fchren.<\/p>\n<p>95\u00b0C, Flexi, Kochstufe I<br \/>\nHei\u00dfe Zitronenmilch langsam zugeben.<br \/>\nSo lange erhitzen, bis die St\u00e4rke bindet und eine dickliche Creme entsteht.<br \/>\nACHTUNG: Es darf nicht wirklich kochen sonst gerinnt das Eigelb. Also aufpassen. Dauer: ca. 5-6min.<\/p>\n<p>Temperatur ausstellen und etwas kalt r\u00fchren lassen. (Wenn es schneller gehen soll Sch\u00fcssel in ein kaltes Wasserbad stellen und von Hand r\u00fchren). Bei ca. 85\u00b0C in kalt ausgesp\u00fclte Sch\u00fcsselchen f\u00fclen.<\/p>\n<p>In 4 Schalen (\u00e0 150 ml Inhalt) verteilen und abk\u00fchlen lassen. Mit 4-5 El Zucker bestreuen und mit dem Gasbrenner karamellisieren.<\/p>\n<p><a href=\"http:\/\/www.cookingchef-freun.de\/wordpress\/wp-content\/uploads\/2016\/02\/cremacatalana2.jpg\"><img decoding=\"async\" loading=\"lazy\" class=\"alignnone size-medium wp-image-4506\" src=\"http:\/\/www.cookingchef-freun.de\/wordpress\/wp-content\/uploads\/2016\/02\/cremacatalana2-300x236.jpg\" alt=\"cremacatalana2\" width=\"300\" height=\"236\" srcset=\"https:\/\/www.cookingchef-freun.de\/wordpress\/wp-content\/uploads\/2016\/02\/cremacatalana2-300x236.jpg 300w, https:\/\/www.cookingchef-freun.de\/wordpress\/wp-content\/uploads\/2016\/02\/cremacatalana2.jpg 720w\" sizes=\"(max-width: 300px) 100vw, 300px\" \/><\/a> <a href=\"http:\/\/www.cookingchef-freun.de\/wordpress\/wp-content\/uploads\/2016\/02\/cremacatalana1.jpg\"><img decoding=\"async\" loading=\"lazy\" class=\"alignnone size-medium wp-image-4507\" src=\"http:\/\/www.cookingchef-freun.de\/wordpress\/wp-content\/uploads\/2016\/02\/cremacatalana1-300x250.jpg\" alt=\"cremacatalana1\" width=\"300\" height=\"250\" srcset=\"https:\/\/www.cookingchef-freun.de\/wordpress\/wp-content\/uploads\/2016\/02\/cremacatalana1-300x250.jpg 300w, https:\/\/www.cookingchef-freun.de\/wordpress\/wp-content\/uploads\/2016\/02\/cremacatalana1.jpg 720w\" sizes=\"(max-width: 300px) 100vw, 300px\" \/><\/a> <a href=\"http:\/\/www.cookingchef-freun.de\/wordpress\/wp-content\/uploads\/2016\/02\/cremacatalanavorbereitung.jpg\"><img decoding=\"async\" loading=\"lazy\" class=\"alignnone size-medium wp-image-4508\" src=\"http:\/\/www.cookingchef-freun.de\/wordpress\/wp-content\/uploads\/2016\/02\/cremacatalanavorbereitung-300x228.jpg\" alt=\"cremacatalanavorbereitung\" width=\"300\" height=\"228\" srcset=\"https:\/\/www.cookingchef-freun.de\/wordpress\/wp-content\/uploads\/2016\/02\/cremacatalanavorbereitung-300x228.jpg 300w, https:\/\/www.cookingchef-freun.de\/wordpress\/wp-content\/uploads\/2016\/02\/cremacatalanavorbereitung.jpg 720w\" sizes=\"(max-width: 300px) 100vw, 300px\" \/><br \/>\n<span style=\"color: #000000;\">Fotos von Manfred Cuntz<\/span><\/a><\/p>\n","protected":false},"excerpt":{"rendered":"<p>Foto von Manfred Cuntz Rezept von &#8222;F\u00fcr jeden Tag 8\/2006&#8220;, angepasst von Manfred Cuntz f\u00fcr die CC Zutaten f\u00fcr 4 Personen: 50 g Speisest\u00e4rke 750 ml Milch 6 Eigelb (Kl. M) 50 g Zucker 4-5 El und zum Bestreuen fein abgeriebene Schale von 1\/2 unbehandelten Zitrone Zubereitung: Speisest\u00e4rke in 150 ml Milch aufl\u00f6sen. Flexi mit &hellip; <a href=\"https:\/\/www.cookingchef-freun.de\/?p=4457\" class=\"more-link\"><span class=\"screen-reader-text\">Crema Catalana<\/span> weiterlesen <span class=\"meta-nav\">&rarr;<\/span><\/a><\/p>\n","protected":false},"author":3,"featured_media":0,"comment_status":"open","ping_status":"open","sticky":false,"template":"","format":"standard","meta":[],"categories":[127,126,44,124],"tags":[237,102,335,189,206],"_links":{"self":[{"href":"https:\/\/www.cookingchef-freun.de\/index.php?rest_route=\/wp\/v2\/posts\/4457"}],"collection":[{"href":"https:\/\/www.cookingchef-freun.de\/index.php?rest_route=\/wp\/v2\/posts"}],"about":[{"href":"https:\/\/www.cookingchef-freun.de\/index.php?rest_route=\/wp\/v2\/types\/post"}],"author":[{"embeddable":true,"href":"https:\/\/www.cookingchef-freun.de\/index.php?rest_route=\/wp\/v2\/users\/3"}],"replies":[{"embeddable":true,"href":"https:\/\/www.cookingchef-freun.de\/index.php?rest_route=%2Fwp%2Fv2%2Fcomments&post=4457"}],"version-history":[{"count":6,"href":"https:\/\/www.cookingchef-freun.de\/index.php?rest_route=\/wp\/v2\/posts\/4457\/revisions"}],"predecessor-version":[{"id":4509,"href":"https:\/\/www.cookingchef-freun.de\/index.php?rest_route=\/wp\/v2\/posts\/4457\/revisions\/4509"}],"wp:attachment":[{"href":"https:\/\/www.cookingchef-freun.de\/index.php?rest_route=%2Fwp%2Fv2%2Fmedia&parent=4457"}],"wp:term":[{"taxonomy":"category","embeddable":true,"href":"https:\/\/www.cookingchef-freun.de\/index.php?rest_route=%2Fwp%2Fv2%2Fcategories&post=4457"},{"taxonomy":"post_tag","embeddable":true,"href":"https:\/\/www.cookingchef-freun.de\/index.php?rest_route=%2Fwp%2Fv2%2Ftags&post=4457"}],"curies":[{"name":"wp","href":"https:\/\/api.w.org\/{rel}","templated":true}]}}