{"id":4430,"date":"2016-02-19T23:49:42","date_gmt":"2016-02-19T23:49:42","guid":{"rendered":"http:\/\/www.cookingchef-freun.de\/?p=4430"},"modified":"2016-03-27T12:22:17","modified_gmt":"2016-03-27T12:22:17","slug":"gemuese-sous-vide-garen","status":"publish","type":"post","link":"https:\/\/www.cookingchef-freun.de\/?p=4430","title":{"rendered":"Gem\u00fcse sous vide garen"},"content":{"rendered":"<p>Gem\u00fcse wird sous vide immer mit 85 Grad gegart.<\/p>\n<p>Nachstehend Anwendungsbeispiele, diese Zusammenstellung wird immer weiter erg\u00e4nzt.<\/p>\n<p><a href=\"http:\/\/www.cookingchef-freun.de\/wordpress\/wp-content\/uploads\/2016\/02\/lachssousvide1.jpg\"><img decoding=\"async\" loading=\"lazy\" class=\"alignnone size-medium wp-image-4431\" src=\"http:\/\/www.cookingchef-freun.de\/wordpress\/wp-content\/uploads\/2016\/02\/lachssousvide1-300x249.jpg\" alt=\"lachssousvide\" width=\"300\" height=\"249\" srcset=\"https:\/\/www.cookingchef-freun.de\/wordpress\/wp-content\/uploads\/2016\/02\/lachssousvide1-300x249.jpg 300w, https:\/\/www.cookingchef-freun.de\/wordpress\/wp-content\/uploads\/2016\/02\/lachssousvide1.jpg 475w\" sizes=\"(max-width: 300px) 100vw, 300px\" \/><br \/>\n<span style=\"color: #000000;\">Brokkoli roh w\u00fcrzen und St\u00fcck Butter dazu, einschwei\u00dfen, 60 Min\/85 Grad (Foto Franziska Fischer)<\/span><\/a><\/p>\n<p><a href=\"http:\/\/www.cookingchef-freun.de\/wordpress\/wp-content\/uploads\/2016\/02\/P1080688.jpg\"><img decoding=\"async\" loading=\"lazy\" class=\"alignnone size-medium wp-image-4433\" src=\"http:\/\/www.cookingchef-freun.de\/wordpress\/wp-content\/uploads\/2016\/02\/P1080688-300x225.jpg\" alt=\"P1080688\" width=\"300\" height=\"225\" srcset=\"https:\/\/www.cookingchef-freun.de\/wordpress\/wp-content\/uploads\/2016\/02\/P1080688-300x225.jpg 300w, https:\/\/www.cookingchef-freun.de\/wordpress\/wp-content\/uploads\/2016\/02\/P1080688.jpg 640w\" sizes=\"(max-width: 300px) 100vw, 300px\" \/><br \/>\n<span style=\"color: #000000;\">Karotten mit einem TL braunem Zucker bestreuen, Butterflocken drauf, einschweissen. 40 Min\/85 Grad. Dann entweder so essen oder noch kurz in der Pfanne scharf anbraten. (Foto Gisela Martin)<\/span><\/a><\/p>\n<p><a href=\"http:\/\/www.cookingchef-freun.de\/wordpress\/wp-content\/uploads\/2016\/02\/P1080687.jpg\"><img decoding=\"async\" loading=\"lazy\" class=\"alignnone size-medium wp-image-4434\" src=\"http:\/\/www.cookingchef-freun.de\/wordpress\/wp-content\/uploads\/2016\/02\/P1080687-300x225.jpg\" alt=\"P1080687\" width=\"300\" height=\"225\" srcset=\"https:\/\/www.cookingchef-freun.de\/wordpress\/wp-content\/uploads\/2016\/02\/P1080687-300x225.jpg 300w, https:\/\/www.cookingchef-freun.de\/wordpress\/wp-content\/uploads\/2016\/02\/P1080687.jpg 640w\" sizes=\"(max-width: 300px) 100vw, 300px\" \/><br \/>\n<\/a>Fenchel zerkleinern, etwas Wasser mit Gem\u00fcsepaste verr\u00fchren und alles zusammen einschwei\u00dfen. 40 Minuten\/85 Grad. Lecker! (Foto Gisela Martin)<\/p>\n<p><a href=\"http:\/\/www.cookingchef-freun.de\/wordpress\/wp-content\/uploads\/2016\/02\/spargelsousvidefranziscafischer.jpg\"><img decoding=\"async\" loading=\"lazy\" class=\"alignnone size-medium wp-image-4740\" src=\"http:\/\/www.cookingchef-freun.de\/wordpress\/wp-content\/uploads\/2016\/02\/spargelsousvidefranziscafischer-300x300.jpg\" alt=\"spargelsousvidefranziscafischer\" width=\"300\" height=\"300\" srcset=\"https:\/\/www.cookingchef-freun.de\/wordpress\/wp-content\/uploads\/2016\/02\/spargelsousvidefranziscafischer-300x300.jpg 300w, https:\/\/www.cookingchef-freun.de\/wordpress\/wp-content\/uploads\/2016\/02\/spargelsousvidefranziscafischer-150x150.jpg 150w, https:\/\/www.cookingchef-freun.de\/wordpress\/wp-content\/uploads\/2016\/02\/spargelsousvidefranziscafischer.jpg 480w\" sizes=\"(max-width: 300px) 100vw, 300px\" \/><\/a><\/p>\n<div class=\"UFIRow UFIComment _4oep\" data-ft=\"{&quot;tn&quot;:&quot;R1&quot;}\">\n<div class=\"clearfix\">\n<div class=\"\">\n<div class=\"UFIImageBlockContent _42ef clearfix\">\n<div class=\"\">\n<div class=\"UFICommentContentBlock\">\n<div class=\"UFICommentContent\"><span data-ft=\"{&quot;tn&quot;:&quot;K&quot;}\"><span class=\"UFICommentBody _1n4g\">1kg Spargel auf 3 P\u00e4ckchen verteilt.<br \/>\nZwei habe ich ohne alles gemacht. Beim 3. habe ich etwas Salz, Gem\u00fcsepulver und ein St\u00fcck Butter reingelegt.<br \/>\n20 min bei 83 Grad. Drucktest machen, ob Konsistenz passt. (Foto Franziska Fischer)<\/span><\/span><\/div>\n<\/div>\n<\/div>\n<\/div>\n<\/div>\n<\/div>\n<\/div>\n","protected":false},"excerpt":{"rendered":"<p>Gem\u00fcse wird sous vide immer mit 85 Grad gegart. Nachstehend Anwendungsbeispiele, diese Zusammenstellung wird immer weiter erg\u00e4nzt. Brokkoli roh w\u00fcrzen und St\u00fcck Butter dazu, einschwei\u00dfen, 60 Min\/85 Grad (Foto Franziska Fischer) Karotten mit einem TL braunem Zucker bestreuen, Butterflocken drauf, einschweissen. 40 Min\/85 Grad. Dann entweder so essen oder noch kurz in der Pfanne scharf &hellip; <a href=\"https:\/\/www.cookingchef-freun.de\/?p=4430\" class=\"more-link\"><span class=\"screen-reader-text\">Gem\u00fcse sous vide garen<\/span> weiterlesen <span class=\"meta-nav\">&rarr;<\/span><\/a><\/p>\n","protected":false},"author":3,"featured_media":0,"comment_status":"open","ping_status":"open","sticky":false,"template":"","format":"standard","meta":[],"categories":[36,51,6,124],"tags":[240,783,626,22,343,705],"_links":{"self":[{"href":"https:\/\/www.cookingchef-freun.de\/index.php?rest_route=\/wp\/v2\/posts\/4430"}],"collection":[{"href":"https:\/\/www.cookingchef-freun.de\/index.php?rest_route=\/wp\/v2\/posts"}],"about":[{"href":"https:\/\/www.cookingchef-freun.de\/index.php?rest_route=\/wp\/v2\/types\/post"}],"author":[{"embeddable":true,"href":"https:\/\/www.cookingchef-freun.de\/index.php?rest_route=\/wp\/v2\/users\/3"}],"replies":[{"embeddable":true,"href":"https:\/\/www.cookingchef-freun.de\/index.php?rest_route=%2Fwp%2Fv2%2Fcomments&post=4430"}],"version-history":[{"count":5,"href":"https:\/\/www.cookingchef-freun.de\/index.php?rest_route=\/wp\/v2\/posts\/4430\/revisions"}],"predecessor-version":[{"id":4742,"href":"https:\/\/www.cookingchef-freun.de\/index.php?rest_route=\/wp\/v2\/posts\/4430\/revisions\/4742"}],"wp:attachment":[{"href":"https:\/\/www.cookingchef-freun.de\/index.php?rest_route=%2Fwp%2Fv2%2Fmedia&parent=4430"}],"wp:term":[{"taxonomy":"category","embeddable":true,"href":"https:\/\/www.cookingchef-freun.de\/index.php?rest_route=%2Fwp%2Fv2%2Fcategories&post=4430"},{"taxonomy":"post_tag","embeddable":true,"href":"https:\/\/www.cookingchef-freun.de\/index.php?rest_route=%2Fwp%2Fv2%2Ftags&post=4430"}],"curies":[{"name":"wp","href":"https:\/\/api.w.org\/{rel}","templated":true}]}}