{"id":411,"date":"2015-10-13T22:56:26","date_gmt":"2015-10-13T22:56:26","guid":{"rendered":"http:\/\/www.cookingchef-freun.de\/wordpress\/?p=411"},"modified":"2016-10-29T14:52:43","modified_gmt":"2016-10-29T14:52:43","slug":"muerbteig-im-multi-mit-messer","status":"publish","type":"post","link":"https:\/\/www.cookingchef-freun.de\/?p=411","title":{"rendered":"M\u00fcrbteig im Multi mit Messer"},"content":{"rendered":"<div data-reactid=\".29.1:5.0.1:$comment423086811184831_423087264518119\/=10.0.$right.0.$left.0.0.5\">\n<div class=\"mvs\">\n<div class=\"uiScaledImageContainer _4-ep\"><a href=\"http:\/\/www.cookingchef-freun.de\/wordpress\/wp-content\/uploads\/2015\/10\/M\u00fcrbteig-im-Multi1.jpg\"><img decoding=\"async\" loading=\"lazy\" class=\"alignnone size-medium wp-image-2986\" src=\"http:\/\/www.cookingchef-freun.de\/wordpress\/wp-content\/uploads\/2015\/10\/M\u00fcrbteig-im-Multi1-300x169.jpg\" alt=\"M\u00fcrbteig im Multi1\" width=\"300\" height=\"169\" srcset=\"https:\/\/www.cookingchef-freun.de\/wordpress\/wp-content\/uploads\/2015\/10\/M\u00fcrbteig-im-Multi1-300x169.jpg 300w, https:\/\/www.cookingchef-freun.de\/wordpress\/wp-content\/uploads\/2015\/10\/M\u00fcrbteig-im-Multi1.jpg 720w\" sizes=\"(max-width: 300px) 100vw, 300px\" \/><\/a> <a href=\"http:\/\/www.cookingchef-freun.de\/wordpress\/wp-content\/uploads\/2015\/10\/M\u00fcrbteig-im-Multi2.jpg\"><img decoding=\"async\" loading=\"lazy\" class=\"alignnone size-medium wp-image-2987\" src=\"http:\/\/www.cookingchef-freun.de\/wordpress\/wp-content\/uploads\/2015\/10\/M\u00fcrbteig-im-Multi2-300x169.jpg\" alt=\"M\u00fcrbteig im Multi2\" width=\"300\" height=\"169\" srcset=\"https:\/\/www.cookingchef-freun.de\/wordpress\/wp-content\/uploads\/2015\/10\/M\u00fcrbteig-im-Multi2-300x169.jpg 300w, https:\/\/www.cookingchef-freun.de\/wordpress\/wp-content\/uploads\/2015\/10\/M\u00fcrbteig-im-Multi2.jpg 720w\" sizes=\"(max-width: 300px) 100vw, 300px\" \/><\/a> <a href=\"http:\/\/www.cookingchef-freun.de\/wordpress\/wp-content\/uploads\/2015\/10\/M\u00fcrbteig-im-Multi3.jpg\"><img decoding=\"async\" loading=\"lazy\" class=\"alignnone size-medium wp-image-2988\" src=\"http:\/\/www.cookingchef-freun.de\/wordpress\/wp-content\/uploads\/2015\/10\/M\u00fcrbteig-im-Multi3-300x169.jpg\" alt=\"M\u00fcrbteig im Multi3\" width=\"300\" height=\"169\" srcset=\"https:\/\/www.cookingchef-freun.de\/wordpress\/wp-content\/uploads\/2015\/10\/M\u00fcrbteig-im-Multi3-300x169.jpg 300w, https:\/\/www.cookingchef-freun.de\/wordpress\/wp-content\/uploads\/2015\/10\/M\u00fcrbteig-im-Multi3.jpg 720w\" sizes=\"(max-width: 300px) 100vw, 300px\" \/><\/a> <a href=\"http:\/\/www.cookingchef-freun.de\/wordpress\/wp-content\/uploads\/2015\/10\/M\u00fcrbteig-im-Multi4.jpg\"><img decoding=\"async\" loading=\"lazy\" class=\"alignnone size-medium wp-image-2989\" src=\"http:\/\/www.cookingchef-freun.de\/wordpress\/wp-content\/uploads\/2015\/10\/M\u00fcrbteig-im-Multi4-300x169.jpg\" alt=\"M\u00fcrbteig im Multi4\" width=\"300\" height=\"169\" srcset=\"https:\/\/www.cookingchef-freun.de\/wordpress\/wp-content\/uploads\/2015\/10\/M\u00fcrbteig-im-Multi4-300x169.jpg 300w, https:\/\/www.cookingchef-freun.de\/wordpress\/wp-content\/uploads\/2015\/10\/M\u00fcrbteig-im-Multi4.jpg 720w\" sizes=\"(max-width: 300px) 100vw, 300px\" \/><br \/>\n<\/a>Rezept und Fotodokumentation\u00a0 von Claudia Kraft<\/p>\n<p><strong>Zutaten:<\/strong><br \/>\n125 g Fett<br \/>\n250 g Mehl<br \/>\n1 Ei<br \/>\n3 Essl\u00f6ffel Wasser<br \/>\n3 Essl\u00f6ffel Milch<br \/>\nSalz<\/p>\n<p><strong>Zubereitung:<br \/>\n<\/strong>Zutaten zu einem glatten Teig verkneten. Zugedeckt 30 min k\u00fchl rasten lassen.<\/p>\n<p><a href=\"http:\/\/www.cookingchef-freun.de\/wordpress\/wp-content\/uploads\/2015\/10\/m\u00fcrbteig_maren5.jpg\"><img decoding=\"async\" loading=\"lazy\" class=\"alignnone size-medium wp-image-6691\" src=\"http:\/\/www.cookingchef-freun.de\/wordpress\/wp-content\/uploads\/2015\/10\/m\u00fcrbteig_maren5-225x300.jpg\" alt=\"muerbteig_maren5\" width=\"225\" height=\"300\" srcset=\"https:\/\/www.cookingchef-freun.de\/wordpress\/wp-content\/uploads\/2015\/10\/m\u00fcrbteig_maren5-225x300.jpg 225w, https:\/\/www.cookingchef-freun.de\/wordpress\/wp-content\/uploads\/2015\/10\/m\u00fcrbteig_maren5.jpg 720w\" sizes=\"(max-width: 225px) 100vw, 225px\" \/><\/a> <a href=\"http:\/\/www.cookingchef-freun.de\/wordpress\/wp-content\/uploads\/2015\/10\/m\u00fcrbteig_maren4.jpg\"><img decoding=\"async\" loading=\"lazy\" class=\"alignnone size-medium wp-image-6692\" src=\"http:\/\/www.cookingchef-freun.de\/wordpress\/wp-content\/uploads\/2015\/10\/m\u00fcrbteig_maren4-225x300.jpg\" alt=\"muerbteig_maren4\" width=\"225\" height=\"300\" srcset=\"https:\/\/www.cookingchef-freun.de\/wordpress\/wp-content\/uploads\/2015\/10\/m\u00fcrbteig_maren4-225x300.jpg 225w, https:\/\/www.cookingchef-freun.de\/wordpress\/wp-content\/uploads\/2015\/10\/m\u00fcrbteig_maren4.jpg 720w\" sizes=\"(max-width: 225px) 100vw, 225px\" \/><\/a> <a href=\"http:\/\/www.cookingchef-freun.de\/wordpress\/wp-content\/uploads\/2015\/10\/m\u00fcrbteig_maren3.jpg\"><img decoding=\"async\" loading=\"lazy\" class=\"alignnone size-medium wp-image-6693\" src=\"http:\/\/www.cookingchef-freun.de\/wordpress\/wp-content\/uploads\/2015\/10\/m\u00fcrbteig_maren3-225x300.jpg\" alt=\"muerbteig_maren3\" width=\"225\" height=\"300\" srcset=\"https:\/\/www.cookingchef-freun.de\/wordpress\/wp-content\/uploads\/2015\/10\/m\u00fcrbteig_maren3-225x300.jpg 225w, https:\/\/www.cookingchef-freun.de\/wordpress\/wp-content\/uploads\/2015\/10\/m\u00fcrbteig_maren3.jpg 720w\" sizes=\"(max-width: 225px) 100vw, 225px\" \/><\/a> <a href=\"http:\/\/www.cookingchef-freun.de\/wordpress\/wp-content\/uploads\/2015\/10\/m\u00fcrbteig_maren2.jpg\"><img decoding=\"async\" loading=\"lazy\" class=\"alignnone size-medium wp-image-6694\" src=\"http:\/\/www.cookingchef-freun.de\/wordpress\/wp-content\/uploads\/2015\/10\/m\u00fcrbteig_maren2-225x300.jpg\" alt=\"muerbteig_maren2\" width=\"225\" height=\"300\" srcset=\"https:\/\/www.cookingchef-freun.de\/wordpress\/wp-content\/uploads\/2015\/10\/m\u00fcrbteig_maren2-225x300.jpg 225w, https:\/\/www.cookingchef-freun.de\/wordpress\/wp-content\/uploads\/2015\/10\/m\u00fcrbteig_maren2.jpg 720w\" sizes=\"(max-width: 225px) 100vw, 225px\" \/><\/a> <a href=\"http:\/\/www.cookingchef-freun.de\/wordpress\/wp-content\/uploads\/2015\/10\/m\u00fcrbteig_maren1.jpg\"><img decoding=\"async\" loading=\"lazy\" class=\"alignnone size-medium wp-image-6695\" src=\"http:\/\/www.cookingchef-freun.de\/wordpress\/wp-content\/uploads\/2015\/10\/m\u00fcrbteig_maren1-225x300.jpg\" alt=\"muerbteig_maren1\" width=\"225\" height=\"300\" srcset=\"https:\/\/www.cookingchef-freun.de\/wordpress\/wp-content\/uploads\/2015\/10\/m\u00fcrbteig_maren1-225x300.jpg 225w, https:\/\/www.cookingchef-freun.de\/wordpress\/wp-content\/uploads\/2015\/10\/m\u00fcrbteig_maren1.jpg 720w\" sizes=\"(max-width: 225px) 100vw, 225px\" \/><\/a> <img decoding=\"async\" loading=\"lazy\" class=\"alignnone size-medium wp-image-6696\" src=\"http:\/\/www.cookingchef-freun.de\/wordpress\/wp-content\/uploads\/2015\/10\/m\u00fcrbteig_Maren-225x300.jpg\" alt=\"muerbteig_maren\" width=\"225\" height=\"300\" srcset=\"https:\/\/www.cookingchef-freun.de\/wordpress\/wp-content\/uploads\/2015\/10\/m\u00fcrbteig_Maren-225x300.jpg 225w, https:\/\/www.cookingchef-freun.de\/wordpress\/wp-content\/uploads\/2015\/10\/m\u00fcrbteig_Maren.jpg 720w\" sizes=\"(max-width: 225px) 100vw, 225px\" \/><br \/>\nFotos Maren Grau-Soumana Mayaki<\/p>\n<p><em>Achtung: Wenn die Mengen erh\u00f6ht werden, bitte nicht den Multi verwenden, da er dann Schaden nehmen kann. Bei gr\u00f6\u00dferen Mengen w\u00e4re der K-Haken die richtige Wahl.<\/em><\/p>\n<\/div>\n<\/div>\n<\/div>\n","protected":false},"excerpt":{"rendered":"<p>Rezept und Fotodokumentation\u00a0 von Claudia Kraft Zutaten: 125 g Fett 250 g Mehl 1 Ei 3 Essl\u00f6ffel Wasser 3 Essl\u00f6ffel Milch Salz Zubereitung: Zutaten zu einem glatten Teig verkneten. Zugedeckt 30 min k\u00fchl rasten lassen. Fotos Maren Grau-Soumana Mayaki Achtung: Wenn die Mengen erh\u00f6ht werden, bitte nicht den Multi verwenden, da er dann Schaden nehmen &hellip; <a href=\"https:\/\/www.cookingchef-freun.de\/?p=411\" class=\"more-link\"><span class=\"screen-reader-text\">M\u00fcrbteig im Multi mit Messer<\/span> weiterlesen <span class=\"meta-nav\">&rarr;<\/span><\/a><\/p>\n","protected":false},"author":2,"featured_media":0,"comment_status":"open","ping_status":"open","sticky":false,"template":"","format":"standard","meta":[],"categories":[162,129,25,8,135,55,124],"tags":[1343],"_links":{"self":[{"href":"https:\/\/www.cookingchef-freun.de\/index.php?rest_route=\/wp\/v2\/posts\/411"}],"collection":[{"href":"https:\/\/www.cookingchef-freun.de\/index.php?rest_route=\/wp\/v2\/posts"}],"about":[{"href":"https:\/\/www.cookingchef-freun.de\/index.php?rest_route=\/wp\/v2\/types\/post"}],"author":[{"embeddable":true,"href":"https:\/\/www.cookingchef-freun.de\/index.php?rest_route=\/wp\/v2\/users\/2"}],"replies":[{"embeddable":true,"href":"https:\/\/www.cookingchef-freun.de\/index.php?rest_route=%2Fwp%2Fv2%2Fcomments&post=411"}],"version-history":[{"count":9,"href":"https:\/\/www.cookingchef-freun.de\/index.php?rest_route=\/wp\/v2\/posts\/411\/revisions"}],"predecessor-version":[{"id":6697,"href":"https:\/\/www.cookingchef-freun.de\/index.php?rest_route=\/wp\/v2\/posts\/411\/revisions\/6697"}],"wp:attachment":[{"href":"https:\/\/www.cookingchef-freun.de\/index.php?rest_route=%2Fwp%2Fv2%2Fmedia&parent=411"}],"wp:term":[{"taxonomy":"category","embeddable":true,"href":"https:\/\/www.cookingchef-freun.de\/index.php?rest_route=%2Fwp%2Fv2%2Fcategories&post=411"},{"taxonomy":"post_tag","embeddable":true,"href":"https:\/\/www.cookingchef-freun.de\/index.php?rest_route=%2Fwp%2Fv2%2Ftags&post=411"}],"curies":[{"name":"wp","href":"https:\/\/api.w.org\/{rel}","templated":true}]}}