{"id":406,"date":"2015-10-13T22:49:03","date_gmt":"2015-10-13T22:49:03","guid":{"rendered":"http:\/\/www.cookingchef-freun.de\/wordpress\/?p=406"},"modified":"2018-01-16T22:14:17","modified_gmt":"2018-01-16T22:14:17","slug":"pizzateig-variationen","status":"publish","type":"post","link":"https:\/\/www.cookingchef-freun.de\/?p=406","title":{"rendered":"Pizzateig &#8211; Variationen"},"content":{"rendered":"<h5><span style=\"color: #ff9900;\">Rezept 1<br \/>\n<span style=\"color: #000000;\">Pizzateig alla Manni<\/span><\/span><\/h5>\n<p>von Manfred Cuntz<\/p>\n<p><strong>Zutaten:<\/strong><br \/>\n1 kg Mehl<br \/>\n20 g Salz<br \/>\n10 g Hefe<br \/>\n600 ml Wasser<\/p>\n<p><strong>Zubereitung:<\/strong><br \/>\n10 Minuten kneten lassen dann eine halbe Stunde bei Raumtemperatur anspringen lassen und danach \u00fcber Nacht in den K\u00fchlschrank. Gro\u00dfe Sch\u00fcssel nehmen, der Teig geht auch im K\u00fchlschrank auf. Wenn du den Teig brauchst so viel abnehmen wie gerade gebraucht wird und akklimatisieren lassen. Portionieren und eine Stunde oder l\u00e4nger gehen lassen.Brauchst du den Teig schneller, dann einen halben bis einen ganzen W\u00fcrfel Hefe auf das Kilo Mehl nehmen und einen EL Backmalz oder Zucker zugeben. Dann bei Raumtemperatur oder in der CC bei 30\u00b0C gehen lassen.<\/p>\n<p><em>Tipp, was tun, wenn Teigreste \u00fcbrig bleiben sollten:<\/em><br \/>\n<em><span data-ft=\"{&quot;tn&quot;:&quot;K&quot;}\"><span class=\"UFICommentBody\">Eine Woche im 0\u00b0C Fach ist \u00fcberhaupt kein Problem. Bei Pizza sowieso nicht. Wenn man davon noch Br\u00f6tchen backen m\u00f6chte muss man ihn gut akklimatisieren und nochmal gehen lassen. Die Br\u00f6tchen werden dann sehr sch\u00f6n feinporig aber nicht mehr so fluffig.<\/span><\/span><\/em><\/p>\n<h5><span style=\"color: #ff9900;\">Rezept 2<br \/>\n<\/span>von Alexandra M\u00fcller-Ihrig (www.sinnreichleben.de Ern\u00e4hrungsberatung)<\/h5>\n<div data-reactid=\".2.1:5.0.1:$comment404856083007904_404869039673275\/=10.0.$right.0.$left.0.0.5\">\n<div class=\"mvs\">\n<div class=\"uiScaledImageContainer _4-ep\"><a href=\"http:\/\/www.cookingchef-freun.de\/wordpress\/wp-content\/uploads\/2015\/10\/Pizzateig1.jpg\"><img decoding=\"async\" loading=\"lazy\" class=\"alignnone size-medium wp-image-2979\" src=\"http:\/\/www.cookingchef-freun.de\/wordpress\/wp-content\/uploads\/2015\/10\/Pizzateig1-300x224.jpg\" alt=\"Pizzateig1\" width=\"300\" height=\"224\" srcset=\"https:\/\/www.cookingchef-freun.de\/wordpress\/wp-content\/uploads\/2015\/10\/Pizzateig1-300x224.jpg 300w, https:\/\/www.cookingchef-freun.de\/wordpress\/wp-content\/uploads\/2015\/10\/Pizzateig1.jpg 640w\" sizes=\"(max-width: 300px) 100vw, 300px\" \/><\/a><\/div>\n<\/div>\n<\/div>\n<p>Foto von Alexandra M\u00fcller-Ihrig<\/p>\n<p><strong>Zutaten:<\/strong><br \/>\n500 g Mehl<br \/>\n25 g frische Hefe<br \/>\nPrise Salz<br \/>\n2-3 EL getrocknete ital. Kr\u00e4uter<br \/>\n150-200 ml Wasser<\/p>\n<p><strong>Zubereitung:<\/strong><br \/>\nWasser erw\u00e4rmen und die Hefe darin aufl\u00f6sen.<\/p>\n<p>Mehl und Salz in die Sch\u00fcssel geben und vermischen. In der Mitte eine Vertiefung einf\u00fcgen und das Hefe-Wasser in diese Vertiefung hinein geben. 10. Min bei 38\u00b0 C ohne R\u00fchrelement Stufe 3 g\u00e4ren lassen.<\/p>\n<p>Anschlie\u00dfend den Knethaken befestigen und alles gut durchr\u00fchren lassen. Zum Schluss die ital. Kr\u00e4uter hinzuf\u00fcgen und nochmals gut verkneten.<\/p>\n<p>Teig 30 Min bei 38\u00b0 gehen lassen.<\/p>\n<p>Reicht f\u00fcr ca 3 runde Pizzableche oder 1 Backblech + eine 26 runde Form aus.<\/p>\n<h5><span style=\"color: #ff9900;\">Rezept 3<\/span><br \/>\nPizza ai Prosciutto von Peti Ziegler<\/h5>\n<div data-reactid=\".2.1:5.0.1:$comment404856083007904_422499341243578\/=10.0.$right.0.$left.0.0.5\">\n<div class=\"mvs\">\n<div class=\"uiScaledImageContainer _4-ep\"><a href=\"http:\/\/www.cookingchef-freun.de\/wordpress\/wp-content\/uploads\/2015\/10\/Pizzateig2.jpg\"><img decoding=\"async\" loading=\"lazy\" class=\"alignnone size-medium wp-image-2980\" src=\"http:\/\/www.cookingchef-freun.de\/wordpress\/wp-content\/uploads\/2015\/10\/Pizzateig2-300x300.jpg\" alt=\"Pizzateig2\" width=\"300\" height=\"300\" srcset=\"https:\/\/www.cookingchef-freun.de\/wordpress\/wp-content\/uploads\/2015\/10\/Pizzateig2-300x300.jpg 300w, https:\/\/www.cookingchef-freun.de\/wordpress\/wp-content\/uploads\/2015\/10\/Pizzateig2-150x150.jpg 150w, https:\/\/www.cookingchef-freun.de\/wordpress\/wp-content\/uploads\/2015\/10\/Pizzateig2.jpg 720w\" sizes=\"(max-width: 300px) 100vw, 300px\" \/><\/a><\/div>\n<p>Foto von Peti Ziegler<\/p>\n<\/div>\n<div class=\"mvs\"><\/div>\n<\/div>\n<p>Ruchmehlteig &#8211;\u00a0 (Teig kann auch als Brotteig genutzt werden)<br \/>\nRuchmehl: Schweizermischung ohne K\u00f6rner, aber dunkler als Weissmehl<\/p>\n<p><strong>Zutaten:<\/strong><br \/>\n500 gr Mehl<br \/>\nca. 3 dl (300 ml) lauwarmes Wasser<br \/>\n2 &#8211; 3 EL Oliven\u00f6l<br \/>\n1 1\/2 TL Salz.<br \/>\n20 g Hefe<\/p>\n<p><em>Tipp:<\/em><br \/>\nIrene Thut-Bangerter Ich nehme 450 Gramm Mehl und 50 Gramm Hartweizengriess sowieso der Boden knusperiger sieht super fein aus!<\/p>\n<div data-reactid=\".2.1:5.0.1:$comment404856083007904_422499204576925\/=10.0.$right.0.$left.0.0.5\">\n<div class=\"mvs\">\n<p><a href=\"http:\/\/www.cookingchef-freun.de\/wordpress\/wp-content\/uploads\/2015\/10\/Pizzateig3.jpg\"><img decoding=\"async\" loading=\"lazy\" class=\"alignnone size-medium wp-image-2981\" src=\"http:\/\/www.cookingchef-freun.de\/wordpress\/wp-content\/uploads\/2015\/10\/Pizzateig3-225x300.jpg\" alt=\"Pizzateig3\" width=\"225\" height=\"300\" srcset=\"https:\/\/www.cookingchef-freun.de\/wordpress\/wp-content\/uploads\/2015\/10\/Pizzateig3-225x300.jpg 225w, https:\/\/www.cookingchef-freun.de\/wordpress\/wp-content\/uploads\/2015\/10\/Pizzateig3.jpg 540w\" sizes=\"(max-width: 225px) 100vw, 225px\" \/><\/a> <a href=\"http:\/\/www.cookingchef-freun.de\/wordpress\/wp-content\/uploads\/2015\/10\/Pizzateig4.jpg\"><img decoding=\"async\" loading=\"lazy\" class=\"alignnone size-medium wp-image-2982\" src=\"http:\/\/www.cookingchef-freun.de\/wordpress\/wp-content\/uploads\/2015\/10\/Pizzateig4-225x300.jpg\" alt=\"Pizzateig4\" width=\"225\" height=\"300\" srcset=\"https:\/\/www.cookingchef-freun.de\/wordpress\/wp-content\/uploads\/2015\/10\/Pizzateig4-225x300.jpg 225w, https:\/\/www.cookingchef-freun.de\/wordpress\/wp-content\/uploads\/2015\/10\/Pizzateig4.jpg 540w\" sizes=\"(max-width: 225px) 100vw, 225px\" \/><\/a> <a href=\"http:\/\/www.cookingchef-freun.de\/wordpress\/wp-content\/uploads\/2015\/10\/Pizzateig5.jpg\"><img decoding=\"async\" loading=\"lazy\" class=\"alignnone size-medium wp-image-2983\" src=\"http:\/\/www.cookingchef-freun.de\/wordpress\/wp-content\/uploads\/2015\/10\/Pizzateig5-225x300.jpg\" alt=\"Pizzateig5\" width=\"225\" height=\"300\" srcset=\"https:\/\/www.cookingchef-freun.de\/wordpress\/wp-content\/uploads\/2015\/10\/Pizzateig5-225x300.jpg 225w, https:\/\/www.cookingchef-freun.de\/wordpress\/wp-content\/uploads\/2015\/10\/Pizzateig5.jpg 540w\" sizes=\"(max-width: 225px) 100vw, 225px\" \/><\/a><br class=\"scaledImageFitHeight img\" \/>Fotos von Peti Ziegler<\/p>\n<\/div>\n<\/div>\n<h5><span style=\"color: #ff9900;\">Rezept 4<\/span><br \/>\n<span style=\"color: #000000;\"> Pizza Manitoba von Pl\u00f6tzblog, ausprobiert von Elke Knoch<\/span><\/h5>\n<blockquote class=\"wp-embedded-content\" data-secret=\"MBaqAPD6lh\"><p><a href=\"https:\/\/www.ploetzblog.de\/2013\/07\/13\/pizza-manitoba\/\">Pizza Manitoba<\/a><\/p><\/blockquote>\n<p><iframe class=\"wp-embedded-content\" sandbox=\"allow-scripts\" security=\"restricted\" style=\"position: absolute; clip: rect(1px, 1px, 1px, 1px);\" src=\"https:\/\/www.ploetzblog.de\/2013\/07\/13\/pizza-manitoba\/embed\/#?secret=MBaqAPD6lh\" data-secret=\"MBaqAPD6lh\" width=\"600\" height=\"338\" title=\"&#8222;Pizza Manitoba&#8220; &#8212; Pl\u00f6tzblog - Selbst gutes Brot backen\" frameborder=\"0\" marginwidth=\"0\" marginheight=\"0\" scrolling=\"no\"><\/iframe><\/p>\n<p>&nbsp;<\/p>\n<p><strong>Zutaten:<\/strong><em><br \/>\n<\/em>500 g Manitobamehl (oder Type 550)<br \/>\n300 g Wasser<br \/>\n20 g Oliven\u00f6l<br \/>\n10 g Salz<br \/>\n5 g Frischhefe<\/p>\n<p><strong>Zubereitung:<\/strong><br \/>\nAlle Zutaten 5 Minuten auf niedrigster Stufe und 5 Minuten auf Stufe 1 zu einem mittelfesten Teig kneten.<\/p>\n<p>90 Minuten Gare bei 20\u00b0C, dabei alle 30 Minuten falten.<\/p>\n<p>Den Teig 72 Stunden (auch k\u00fcrzer oder l\u00e4nger m\u00f6glich) bei 4\u00b0C reifen lassen.<\/p>\n<p>Noch kalt zu einem d\u00fcnnen Pizzaboden ausziehen, belegen und bei 280\u00b0C (250\u00b0C) 10-15 Minuten backen.<\/p>\n<p>Zubereitungszeit am Backtag: ca. 1 Stunde<\/p>\n<p>Zubereitungszeit gesamt: ca. 75 Stunden<\/p>\n<h5><span style=\"color: #ff9900;\">Rezept 5<\/span><br \/>\nZur Verf\u00fcgung gestellt von Mareike Bollmann, aus unbekannten Quellen:<\/h5>\n<p>Mareike: Huhu, das Rezept hat mir eine Freundin geschickt, woher sie es hat, kann ich nicht sagen. Die Pizzen werden auf jeden Fall seehr d\u00fcnn<\/p>\n<p><strong>Zutaten:<\/strong><br \/>\nf\u00fcr ca. 4 runde Pizzen<br \/>\n500 g Weizenmehl (Farina Tipo 00)<br \/>\n300 ml lauwarmes Wasser (60 ml pro 100 g Mehl)<br \/>\n5 g frische Hefe &#8211; 1 g pro 100 g Mehl<br \/>\n1 TL Meersalz<br \/>\n1 EL gutes Oliven\u00f6l<\/p>\n<p><strong>Zubereitung:<\/strong><br \/>\nSalz unters Mehl mischen. Mehl in Sch\u00fcssel, Mulde formen, Wasser in Mulde giessen, die Hefe hineinbr\u00f6seln und durch vorsichtiges R\u00fchren aufl\u00f6sen. Oliven\u00f6l hinzugeben. (ich w\u00fcrde beim n\u00e4chsten mal die Hefe in einem kleinen Sch\u00e4lchen mit was Wasser vermengen\u2026 Das aufl\u00f6sen in der gro\u00dfen Sch\u00fcssel hat nur so m\u00e4\u00dfig geklappt)<\/p>\n<p>Anschlie\u00dfend mit einem L\u00f6ffel das Wasser-Hefe-Gemisch weiter verf\u00fchren und immer etwas Mehl vom Rand einr\u00fchren. Solange bis eine z\u00e4hfl\u00fcssige Masse entstanden ist. Nun kann mit den H\u00e4nden weitergearbeitet werden. Zu Beginn noch nicht mit zu gro\u00dfem Druck, sondern eher leicht und vorsichtig das restliche Mehl in die z\u00e4he Masse einarbeiten, bis ein elastischer, weicher und geschmeidiger Teig entstanden ist. Der gesamte Knetvorgang sollte bis zu 10 Minuten dauern. (ich habe mit der K\u00fcchenmaschine mit Knethaken geknetet, sobald das Wasser unterger\u00fchrt war)<\/p>\n<p>erste Ruhephase: Teig bei Raumtemperatur von ca. 21 Grad 30 Minuten gehen. (=Stockgare)<\/p>\n<p>Nach der Stockgare: 4 gleichgro\u00dfe kugelf\u00f6rmige Teiglinge formen und getrennt in Sch\u00fcsseln oder einer gro\u00dfen Sch\u00fcssel zugedeckt f\u00fcr die anstehende St\u00fcckgare legen. St\u00fcckgare: im K\u00fchlschrank bei einer Temperatur von 2 \u2013 5 Grad mindestens 24 Stunden.<\/p>\n<p>Vor der Verwendung sollten die Teiglinge ca. 30 Minuten lang die Gelegenheit bekommen, Raumtemperatur anzunehmen.<\/p>\n<p>Teigling von beiden Seiten in Mehl wenden und durch leichtes und gleichm\u00e4\u00dfig dr\u00fccken mit dem Fingerspitzen zu einem runden Fladen formen (zur Not mit dem Nudelholz etwas nachhelfen), wobei d er Rand etwas dicker sein sollte. Anschlie\u00dfend mit beiden flachen H\u00e4nden unter Drehbewegungen auseinanderziehen. Den fertigen Teigfladen zwischen den H\u00e4nden mit leichten Drehwegungen hin- und herwerfen um das \u00fcbersch\u00fcssige Mehl abzusch\u00fctteln.<\/p>\n<p>&nbsp;<\/p>\n<div class=\"_2-sx\">\n<h5><span style=\"color: #ff9900;\">Rezept 6<\/span><br \/>\nZur Verf\u00fcgung gestellt von Rosa Galietta<\/h5>\n<\/div>\n<p><strong>Zutaten:<\/strong><\/p>\n<div class=\"_2-sx\"><\/div>\n<div class=\"_2-sx\"><span data-ft=\"{&quot;tn&quot;:&quot;K&quot;}\"><span data-ft=\"{&quot;tn&quot;:&quot;K&quot;}\"><span class=\"UFICommentBody _1n4g\">500g Manitoba Mehl<br \/>\n500ml Wasser<br \/>\n1.5 g frische Hefe (im Winter 3gr)<\/span><\/span><\/span><\/div>\n<div class=\"_2-sx\"><\/div>\n<div class=\"_2-sx\">270g Mehl<\/div>\n<div class=\"_2-sx\">80g <span data-ft=\"{&quot;tn&quot;:&quot;K&quot;}\"><span class=\"UFICommentBody _1n4g\">Semola rimacinata d\u00ec grano duro<\/span><\/span> (feiner Hartweizengrie\u00df)<\/div>\n<div class=\"_2-sx\">25g Salz<\/div>\n<div class=\"_2-sx\">\n<p>30g Oliven\u00f6l<\/p>\n<\/div>\n<div class=\"_2-sx\"><\/div>\n<p><span data-ft=\"{&quot;tn&quot;:&quot;K&quot;}\"><span class=\"UFICommentBody\">1\/2 Zwiebeln klein geschnitten,<br \/>\n1 Knoblauch durchgepresst<br \/>\n2 El Oliven\u00f6l<br \/>\n1 Dose p\u00fcrierte Pelati (850g)<br \/>\nSalz und Oregano<\/span><\/span><\/p>\n<p><strong>Zubereitung:<\/strong><\/p>\n<div class=\"_2-sx\">Vorteig;<\/div>\n<div class=\"_2-sx\">Spiral-Knethaken<\/div>\n<div class=\"_2-sx\">Mit <span data-ft=\"{&quot;tn&quot;:&quot;K&quot;}\"><span class=\"UFICommentBody _1n4g\">500 gr Manitoba Mehl, 500 ml Wasser, und 1.5 gr frische Hefe (im Winter 3gr) am Abend\u00a0 vorher ein Vorteig machen.<br \/>\nDann einfach abgedeckt mit Spritzschutz im CC lassen.<\/span><\/span><\/div>\n<div class=\"_2-sx\"><\/div>\n<div class=\"_2-sx\"><\/div>\n<div class=\"_2-sx\">Teig:<\/div>\n<div class=\"_2-sx\">Spiral-Knethaken<\/div>\n<div class=\"_2-sx\"><span data-ft=\"{&quot;tn&quot;:&quot;K&quot;}\"><span class=\"UFICommentBody _1n4g\">Am n\u00e4chsten Tag l\u00f6ffelweise 270 gr normales Mehl und 80 gr Semola rimacinata d\u00ec grano duro dazugeben am Schluss 25 gr Salz und 30 gr Oliven\u00f6l und gut durchkneten. In der Regel ist der Teig gut wenn er sich von den W\u00e4nden der Sch\u00fcssel l\u00f6st.<br \/>\nEin halbe Stunde abgedeckt ruhen lassen und dann Kugeln zu ca. 250 gr formen und in eine leicht mit einem Pinsel einge\u00f6lte Sch\u00fcssel geben und \u00fcber Nacht in den K\u00fchlschrank.<\/span><\/span><\/div>\n<div class=\"_2-sx\"><\/div>\n<div class=\"_2-sx\"><\/div>\n<div class=\"_2-sx\"><span data-ft=\"{&quot;tn&quot;:&quot;K&quot;}\"><span class=\"UFICommentBody _1n4g\"><br \/>\nAm n\u00e4chsten Tag 2h vor dem Pizza backen aus dem K\u00fchlschrank nehmen.<br \/>\nGanz wichtig den Teig mit den Fingern und H\u00e4nden flach dr\u00fccken und einen sch\u00f6nen dicken Rand lassen.<\/span><\/span><\/div>\n<div class=\"_2-sx\"><\/div>\n<div class=\"_2-sx\"><\/div>\n<div class=\"_2-sx\">Pizzaiola:<br \/>\n<span data-ft=\"{&quot;tn&quot;:&quot;K&quot;}\"><span class=\"UFICommentBody\">1\/2 Zwiebeln klein geschnitten, 1 Knoblauch durchgepresst in 2 El Oliven\u00f6l and\u00fcnsten und eine grosse B\u00fcchse p\u00fcrierte Pelati dazugeben und einkochen lassen ca.15 &#8211; 20 min. Mit Salz und Origano w\u00fcrzen.<br \/>\n<\/span><\/span><br \/>\nSauce d\u00fcnn auf den Boden streichen und Belegen nach Belieben mit: Mozzarella, Salami, Paprikawurst, Salsicce, Thunfisch, Zwiebeln, Pilzen oder was auch immer im Haus ist.<\/div>\n<div class=\"_2-sx\"><\/div>\n<div class=\"_2-sx\">\n<p>Ofen,\u00a0 vorzugsweise Pizzaofen oder mit Pizzastein,\u00a0 gut vorheizen und Pizza so hei\u00df wie m\u00f6glich backen.<\/p>\n<\/div>\n<div class=\"_2-sx\">\n<h5><strong><span style=\"color: #ff9900;\">Rezept 7<\/span><\/strong><br \/>\nZur Verf\u00fcgung gestellt von Ines Gl\u00fcck<\/h5>\n<p><a href=\"http:\/\/www.cookingchef-freun.de\/wordpress\/wp-content\/uploads\/2015\/10\/pizza_inesgl\u00fcck.jpg\"><img decoding=\"async\" loading=\"lazy\" class=\"alignnone size-medium wp-image-9687\" src=\"http:\/\/www.cookingchef-freun.de\/wordpress\/wp-content\/uploads\/2015\/10\/pizza_inesgl\u00fcck-300x225.jpg\" alt=\"\" width=\"300\" height=\"225\" srcset=\"https:\/\/www.cookingchef-freun.de\/wordpress\/wp-content\/uploads\/2015\/10\/pizza_inesgl\u00fcck-300x225.jpg 300w, https:\/\/www.cookingchef-freun.de\/wordpress\/wp-content\/uploads\/2015\/10\/pizza_inesgl\u00fcck-768x576.jpg 768w, https:\/\/www.cookingchef-freun.de\/wordpress\/wp-content\/uploads\/2015\/10\/pizza_inesgl\u00fcck-1024x768.jpg 1024w, https:\/\/www.cookingchef-freun.de\/wordpress\/wp-content\/uploads\/2015\/10\/pizza_inesgl\u00fcck.jpg 2048w\" sizes=\"(max-width: 300px) 100vw, 300px\" \/><\/a><br \/>\n<span style=\"color: #000000;\">Rezept Nr. 7\/Foto\u00a0 Ines Gl\u00fcck<\/span><\/p>\n<p><span class=\" UFICommentActorAndBody\"><span data-ft=\"{&quot;tn&quot;:&quot;K&quot;}\"><span class=\"UFICommentBody\"><strong> Zutaten:<\/strong><br \/>\n500 gr. Mehl Type 00<br \/>\n310 gr Wasser<br \/>\n20 g Oliven\u00f6l<br \/>\n13 gr Salz<br \/>\n4 gr Hefe frisch<\/span><\/span><\/span><\/p>\n<p><strong>Zubereitung:<\/strong><br \/>\n5 min auf min und 10 min auf Stufe 1 kneten und dann bei 4-6 Grad in den K\u00fchlschrank stellen und portionsweise entnehmen und direkt aus dem K\u00fchlschrank verarbeiten.\u00a0 H\u00e4lt bis zu 5 Tage, kann nach ca. 24 Stunden schon verwendet werden. Ich rolle den Teig nicht aus, sondern ziehe ihn in Form.<\/p>\n<p>Belegen nach Belieben. <span id=\"fbPhotoSnowliftCaption\" class=\"fbPhotosPhotoCaption\" tabindex=\"0\" aria-live=\"polite\" data-ft=\"{&quot;tn&quot;:&quot;K&quot;}\"><span class=\"hasCaption\">Dann f\u00fcr 10 Minuten auf den hei\u00dfen Backstahl im Ofen bei 250 Grad.<\/span><\/span><\/p>\n<p>&nbsp;<\/p>\n<\/div>\n<p><em>Tipp f\u00fcr alle Pizzen, die auf Pizzastein gebacken werden:<\/em><br \/>\n<em>Auf die Pizzaschaufel sowie auf den Pizzastein etwas Grie\u00df streuen. Dann l\u00e4sst die PIzza sich leichter einschieben.<\/em><\/p>\n","protected":false},"excerpt":{"rendered":"<p>Rezept 1 Pizzateig alla Manni von Manfred Cuntz Zutaten: 1 kg Mehl 20 g Salz 10 g Hefe 600 ml Wasser Zubereitung: 10 Minuten kneten lassen dann eine halbe Stunde bei Raumtemperatur anspringen lassen und danach \u00fcber Nacht in den K\u00fchlschrank. Gro\u00dfe Sch\u00fcssel nehmen, der Teig geht auch im K\u00fchlschrank auf. Wenn du den Teig &hellip; <a href=\"https:\/\/www.cookingchef-freun.de\/?p=406\" class=\"more-link\"><span class=\"screen-reader-text\">Pizzateig &#8211; Variationen<\/span> weiterlesen <span class=\"meta-nav\">&rarr;<\/span><\/a><\/p>\n","protected":false},"author":3,"featured_media":0,"comment_status":"open","ping_status":"open","sticky":false,"template":"","format":"standard","meta":[],"categories":[35,1381,125,6],"tags":[300,298,299,301],"_links":{"self":[{"href":"https:\/\/www.cookingchef-freun.de\/index.php?rest_route=\/wp\/v2\/posts\/406"}],"collection":[{"href":"https:\/\/www.cookingchef-freun.de\/index.php?rest_route=\/wp\/v2\/posts"}],"about":[{"href":"https:\/\/www.cookingchef-freun.de\/index.php?rest_route=\/wp\/v2\/types\/post"}],"author":[{"embeddable":true,"href":"https:\/\/www.cookingchef-freun.de\/index.php?rest_route=\/wp\/v2\/users\/3"}],"replies":[{"embeddable":true,"href":"https:\/\/www.cookingchef-freun.de\/index.php?rest_route=%2Fwp%2Fv2%2Fcomments&post=406"}],"version-history":[{"count":18,"href":"https:\/\/www.cookingchef-freun.de\/index.php?rest_route=\/wp\/v2\/posts\/406\/revisions"}],"predecessor-version":[{"id":9689,"href":"https:\/\/www.cookingchef-freun.de\/index.php?rest_route=\/wp\/v2\/posts\/406\/revisions\/9689"}],"wp:attachment":[{"href":"https:\/\/www.cookingchef-freun.de\/index.php?rest_route=%2Fwp%2Fv2%2Fmedia&parent=406"}],"wp:term":[{"taxonomy":"category","embeddable":true,"href":"https:\/\/www.cookingchef-freun.de\/index.php?rest_route=%2Fwp%2Fv2%2Fcategories&post=406"},{"taxonomy":"post_tag","embeddable":true,"href":"https:\/\/www.cookingchef-freun.de\/index.php?rest_route=%2Fwp%2Fv2%2Ftags&post=406"}],"curies":[{"name":"wp","href":"https:\/\/api.w.org\/{rel}","templated":true}]}}