{"id":3964,"date":"2016-01-16T21:55:05","date_gmt":"2016-01-16T21:55:05","guid":{"rendered":"http:\/\/www.cookingchef-freun.de\/?p=3964"},"modified":"2016-01-16T21:55:05","modified_gmt":"2016-01-16T21:55:05","slug":"low-carb-auewelle","status":"publish","type":"post","link":"https:\/\/www.cookingchef-freun.de\/?p=3964","title":{"rendered":"Low Carb Auewelle"},"content":{"rendered":"<div class=\"clearfix _5x46\">\n<div class=\"_3dp _29k\">\n<div>\n<div class=\"_6a\">\n<div class=\"_6a _6b\"><a href=\"http:\/\/www.cookingchef-freun.de\/wordpress\/wp-content\/uploads\/2016\/01\/auewelle.jpg\"><img decoding=\"async\" loading=\"lazy\" class=\"alignnone size-medium wp-image-3965\" src=\"http:\/\/www.cookingchef-freun.de\/wordpress\/wp-content\/uploads\/2016\/01\/auewelle-300x169.jpg\" alt=\"auewelle\" width=\"300\" height=\"169\" srcset=\"https:\/\/www.cookingchef-freun.de\/wordpress\/wp-content\/uploads\/2016\/01\/auewelle-300x169.jpg 300w, https:\/\/www.cookingchef-freun.de\/wordpress\/wp-content\/uploads\/2016\/01\/auewelle-1024x576.jpg 1024w, https:\/\/www.cookingchef-freun.de\/wordpress\/wp-content\/uploads\/2016\/01\/auewelle.jpg 2048w\" sizes=\"(max-width: 300px) 100vw, 300px\" \/><\/a><\/div>\n<\/div>\n<\/div>\n<\/div>\n<\/div>\n<div id=\"js_3e\" class=\"_5pbx userContent\" data-hovercard=\"\/ajax\/hovercard\/user.php?id=100002246832558&amp;extragetparams=%7B%22fref%22%3A%22nf%22%2C%22directed_target_id%22%3A251659274994253%7D\" data-ft=\"{&quot;tn&quot;:&quot;K&quot;}\">\n<p>Rezept und Foto von Martina Witzel zur Verf\u00fcgung gestellt, die das Rezept aus folgender Quelle und auf CC abgewandelt hat<\/p>\n<p>Urspr\u00fcnglich waren es ja mal LC Donauwellen, und zwar von der lieben Chris Marie Sieber = Erdbeerbl\u00fcte &#8230;<br \/>\n<a href=\"http:\/\/www.erdbeer-bluete.de\/einfache-donauwelle\/\" target=\"_blank\" rel=\"nofollow\">http:\/\/www.erdbeer-bluete.de\/einfache-donauwelle\/<\/a><\/p>\n<p><strong>Zutaten:<\/strong><br \/>\n10 Eier<br \/>\n160g Erythritol<br \/>\n5 Msp Steviaextrakt<br \/>\n200g gemahlene blanchierte Mandeln<br \/>\n1 gestrichenen EL Johannisbrotkernmehl<br \/>\n2 Pk Weinsteinbackpulver<br \/>\n25g Backkakao<br \/>\n1 Glas ungezuckerte Aprikosen<br \/>\n1 Pk gemahlene Gelatine<br \/>\n200g Mascarpone<br \/>\n1 TL gemahlene Vanille<br \/>\n1 EL Monin Vanillesirup light<br \/>\n15g Pudererythritol<br \/>\n200g Sahne<br \/>\n125g Schokolade (mindestens 85%)<br \/>\n125g Sahne<\/p>\n<p><strong>Zubereitung:<\/strong><br \/>\nOfen auf 180\u00b0C OU vorheizen<\/p>\n<div id=\"js_3e\" class=\"_5pbx userContent\" data-ft=\"{&quot;tn&quot;:&quot;K&quot;}\">\n<p>10 Eier<br \/>\n160g Erythritol<br \/>\n5 Msp Steviaextrakt<br \/>\n20 Minuten auf max schaumig schlagen (Ballonschneebesen)<\/p>\n<p>200g gemahlene blanchierte Mandeln<br \/>\n1 gestrichenen EL Johannisbrotkernmehl<br \/>\n2 Pk Weinsteinbackpulver<br \/>\nmischen, auf min langsam l\u00f6ffelweise unterheben<\/p>\n<p>Die H\u00e4lfte des Teigs in eine Springform geben.<br \/>\nZur anderen H\u00e4lfte<br \/>\n25g Backkakao<br \/>\ngeben und 1 Minute auf min unterr\u00fchren. Vorsichtig Muster auf den hellen Teig &#8222;malen&#8220;.<\/p>\n<p>1 Glas ungezuckerte Aprikosen<br \/>\nabtropfen lassen, in W\u00fcrfel schneiden, und gut auf dem Teig verteilen<\/p>\n<p>Laut Rezept 20 &#8211; 25 Minuten backen &#8230; bei mir sind es irgendwie immer 60 &#8211; 90 Minuten &#8230; am besten \u00f6fter mal eine St\u00e4bchenprobe machen.<\/p>\n<p>Kuchen komplett ausk\u00fchlen lassen.<\/p>\n<p>1 Pk gemahlene Gelatine<br \/>\nlaut Beutel zubereiten. In der Quellzeit<\/p>\n<p>200g Mascarpone<br \/>\n1 TL gemahlene Vanille<br \/>\n1 EL Monin Vanillesirup light<br \/>\n15g Pudererythritol<br \/>\nmit dem K-Haken 2 Minuten auf Stufe 3 verr\u00fchren. In der Zeit<\/p>\n<p>200g Sahne<br \/>\nsteif schlagen mit Ballonschneebesen.<\/p>\n<p>Die Sahne unter die Mascarponecreme unterheben. Die Gelatine lt Beutel dazugeben. Die Creme auf den Boden streichen.<\/p>\n<p>125g Schokolade (mindestens 85%)<br \/>\nam besten auf 200 Watt in der Mikrowelle kurz erw\u00e4rmen. Wenn sie cremig ist<\/p>\n<p>125g Sahne<br \/>\nz\u00fcgig unterr\u00fchren und auf der Mascarponeschicht verteilen. Kalt stellen, nach fr\u00fchestens 3 Stunden genie\u00dfen.<\/p>\n<\/div>\n<\/div>\n","protected":false},"excerpt":{"rendered":"<p>Rezept und Foto von Martina Witzel zur Verf\u00fcgung gestellt, die das Rezept aus folgender Quelle und auf CC abgewandelt hat Urspr\u00fcnglich waren es ja mal LC Donauwellen, und zwar von der lieben Chris Marie Sieber = Erdbeerbl\u00fcte &#8230; http:\/\/www.erdbeer-bluete.de\/einfache-donauwelle\/ Zutaten: 10 Eier 160g Erythritol 5 Msp Steviaextrakt 200g gemahlene blanchierte Mandeln 1 gestrichenen EL Johannisbrotkernmehl &hellip; <a href=\"https:\/\/www.cookingchef-freun.de\/?p=3964\" class=\"more-link\"><span class=\"screen-reader-text\">Low Carb Auewelle<\/span> weiterlesen <span class=\"meta-nav\">&rarr;<\/span><\/a><\/p>\n","protected":false},"author":3,"featured_media":0,"comment_status":"open","ping_status":"open","sticky":false,"template":"","format":"standard","meta":[],"categories":[127,129,8,238,124],"tags":[646,203,72,656,984,148,274,119,985,179],"_links":{"self":[{"href":"https:\/\/www.cookingchef-freun.de\/index.php?rest_route=\/wp\/v2\/posts\/3964"}],"collection":[{"href":"https:\/\/www.cookingchef-freun.de\/index.php?rest_route=\/wp\/v2\/posts"}],"about":[{"href":"https:\/\/www.cookingchef-freun.de\/index.php?rest_route=\/wp\/v2\/types\/post"}],"author":[{"embeddable":true,"href":"https:\/\/www.cookingchef-freun.de\/index.php?rest_route=\/wp\/v2\/users\/3"}],"replies":[{"embeddable":true,"href":"https:\/\/www.cookingchef-freun.de\/index.php?rest_route=%2Fwp%2Fv2%2Fcomments&post=3964"}],"version-history":[{"count":1,"href":"https:\/\/www.cookingchef-freun.de\/index.php?rest_route=\/wp\/v2\/posts\/3964\/revisions"}],"predecessor-version":[{"id":3966,"href":"https:\/\/www.cookingchef-freun.de\/index.php?rest_route=\/wp\/v2\/posts\/3964\/revisions\/3966"}],"wp:attachment":[{"href":"https:\/\/www.cookingchef-freun.de\/index.php?rest_route=%2Fwp%2Fv2%2Fmedia&parent=3964"}],"wp:term":[{"taxonomy":"category","embeddable":true,"href":"https:\/\/www.cookingchef-freun.de\/index.php?rest_route=%2Fwp%2Fv2%2Fcategories&post=3964"},{"taxonomy":"post_tag","embeddable":true,"href":"https:\/\/www.cookingchef-freun.de\/index.php?rest_route=%2Fwp%2Fv2%2Ftags&post=3964"}],"curies":[{"name":"wp","href":"https:\/\/api.w.org\/{rel}","templated":true}]}}