{"id":1750,"date":"2015-11-21T22:18:03","date_gmt":"2015-11-21T22:18:03","guid":{"rendered":"http:\/\/www.cookingchef-freun.de\/?p=1750"},"modified":"2016-01-08T21:50:51","modified_gmt":"2016-01-08T21:50:51","slug":"nutellaschnitte","status":"publish","type":"post","link":"https:\/\/www.cookingchef-freun.de\/?p=1750","title":{"rendered":"Nutellaschnitte"},"content":{"rendered":"<p>&nbsp;<\/p>\n<div class=\"_5k3v _5k3w clearfix\">\n<p><a href=\"http:\/\/www.cookingchef-freun.de\/wordpress\/wp-content\/uploads\/2015\/11\/nutellaschni.jpg\"><img decoding=\"async\" loading=\"lazy\" class=\"alignnone size-medium wp-image-3130\" src=\"http:\/\/www.cookingchef-freun.de\/wordpress\/wp-content\/uploads\/2015\/11\/nutellaschni-300x169.jpg\" alt=\"nutellaschni\" width=\"300\" height=\"169\" srcset=\"https:\/\/www.cookingchef-freun.de\/wordpress\/wp-content\/uploads\/2015\/11\/nutellaschni-300x169.jpg 300w, https:\/\/www.cookingchef-freun.de\/wordpress\/wp-content\/uploads\/2015\/11\/nutellaschni.jpg 843w\" sizes=\"(max-width: 300px) 100vw, 300px\" \/><\/a><\/p>\n<p>Rezept und Fotos von Claudia Kraft<\/p>\n<p><strong>Zutaten:<br \/>\n<\/strong>6 Eier<br \/>\n250gr Zucker<br \/>\n1\/8l \u00d2l<br \/>\n1\/8l lauwarmes Wasser<br \/>\n200gr Mehl<br \/>\n2EL Kakao<br \/>\n1 Pkg Backpulver,<br \/>\n100gr Marillenmarmelade<\/p>\n<p><em>Creme:<\/em><br \/>\n1l Patisseriecreme,<br \/>\n4pkg Sahnesteif<br \/>\n250gr Nutella.<br \/>\nSchokoflocken zum Bestreuen.<\/p>\n<p><em>Alternativcreme:<\/em><br \/>\n3\/8l Schlagobers mit<br \/>\n2 Sahnesteif und<br \/>\n250gr Nutella mischen,weiter<br \/>\n3\/8l Schlagobers<br \/>\n2 Sahnesteif und<br \/>\nVanillezucker mischen<\/p>\n<p><strong>Zubereitung:<\/strong><br \/>\nEier trennen. Eiklar zu Schnee schlagen (Ballonschneebesen). Staubzucker, Dotter und Vanillezucker schaumig r\u00fchren.<\/p>\n<p>Zuerst \u00d6l, dann lauwarmes Wasser einr\u00fchren. Kakao unterziehen. Mehl und Eischnee unterheben.<\/p>\n<p>Teig auf ein mit Backpapier ausgelegtes Blech streichen und bei 170c Hei\u00dfluft ca. 20 Minuten backen. Nadelprobe<\/p>\n<p>Ausgek\u00fchlten Teig mit Marillenmarmelade bepinseln.<\/p>\n<p><em>Creme:<\/em><br \/>\nPatisserie-Creme 1 Minute stark mixen. Sahnesteif und Staubzucker einr\u00fchren.<br \/>\nCreme r\u00fchren bis sie steif ist. Creme teilen. Eine H\u00e4lfte mit Nutella verr\u00fchren (Flexi).<\/p>\n<p>Die Nutellacreme auf den ausgek\u00fchlten mit Marmelade bestrichenen Kuchen streichen. Die wei\u00dfe Creme dar\u00fcber streichen.<\/p>\n<p>Den Kuchen mit Schokoladeflocken oder geriebener Schokolade bestreuen und ca. 5 Stunden k\u00fchl stellen.<\/p>\n<p><a href=\"http:\/\/www.cookingchef-freun.de\/wordpress\/wp-content\/uploads\/2015\/11\/nut1.jpg\"><img decoding=\"async\" loading=\"lazy\" class=\"alignnone size-full wp-image-3132\" src=\"http:\/\/www.cookingchef-freun.de\/wordpress\/wp-content\/uploads\/2015\/11\/nut1.jpg\" alt=\"nut1\" width=\"261\" height=\"146\" \/><\/a><a href=\"http:\/\/www.cookingchef-freun.de\/wordpress\/wp-content\/uploads\/2015\/11\/nut2.jpg\"><img decoding=\"async\" loading=\"lazy\" class=\"alignnone size-full wp-image-3133\" src=\"http:\/\/www.cookingchef-freun.de\/wordpress\/wp-content\/uploads\/2015\/11\/nut2.jpg\" alt=\"nut2\" width=\"261\" height=\"146\" \/><\/a><\/p>\n<p><a href=\"http:\/\/www.cookingchef-freun.de\/wordpress\/wp-content\/uploads\/2015\/11\/nut3.jpg\"><img decoding=\"async\" loading=\"lazy\" class=\"alignnone size-full wp-image-3134\" src=\"http:\/\/www.cookingchef-freun.de\/wordpress\/wp-content\/uploads\/2015\/11\/nut3.jpg\" alt=\"nut3\" width=\"261\" height=\"146\" \/><\/a><a href=\"http:\/\/www.cookingchef-freun.de\/wordpress\/wp-content\/uploads\/2015\/11\/nut4.jpg\"><img decoding=\"async\" loading=\"lazy\" class=\"alignnone size-full wp-image-3135\" src=\"http:\/\/www.cookingchef-freun.de\/wordpress\/wp-content\/uploads\/2015\/11\/nut4.jpg\" alt=\"nut4\" width=\"261\" height=\"146\" \/><\/a><\/p>\n<p><a href=\"http:\/\/www.cookingchef-freun.de\/wordpress\/wp-content\/uploads\/2015\/11\/nut5.jpg\"><img decoding=\"async\" loading=\"lazy\" class=\"alignnone size-full wp-image-3136\" src=\"http:\/\/www.cookingchef-freun.de\/wordpress\/wp-content\/uploads\/2015\/11\/nut5.jpg\" alt=\"nut5\" width=\"261\" height=\"146\" \/><\/a><a href=\"http:\/\/www.cookingchef-freun.de\/wordpress\/wp-content\/uploads\/2015\/11\/nut6.jpg\"><img decoding=\"async\" loading=\"lazy\" class=\"alignnone size-full wp-image-3137\" src=\"http:\/\/www.cookingchef-freun.de\/wordpress\/wp-content\/uploads\/2015\/11\/nut6.jpg\" alt=\"nut6\" width=\"261\" height=\"146\" \/><\/a><br \/>\nFotos: Claudia Kraft<\/p>\n<\/div>\n","protected":false},"excerpt":{"rendered":"<p>&nbsp; Rezept und Fotos von Claudia Kraft Zutaten: 6 Eier 250gr Zucker 1\/8l \u00d2l 1\/8l lauwarmes Wasser 200gr Mehl 2EL Kakao 1 Pkg Backpulver, 100gr Marillenmarmelade Creme: 1l Patisseriecreme, 4pkg Sahnesteif 250gr Nutella. Schokoflocken zum Bestreuen. Alternativcreme: 3\/8l Schlagobers mit 2 Sahnesteif und 250gr Nutella mischen,weiter 3\/8l Schlagobers 2 Sahnesteif und Vanillezucker mischen Zubereitung: Eier &hellip; <a href=\"https:\/\/www.cookingchef-freun.de\/?p=1750\" class=\"more-link\"><span class=\"screen-reader-text\">Nutellaschnitte<\/span> weiterlesen <span class=\"meta-nav\">&rarr;<\/span><\/a><\/p>\n","protected":false},"author":3,"featured_media":0,"comment_status":"open","ping_status":"open","sticky":false,"template":"","format":"standard","meta":[],"categories":[127,126,8,124],"tags":[72,780,781,618,630,279],"_links":{"self":[{"href":"https:\/\/www.cookingchef-freun.de\/index.php?rest_route=\/wp\/v2\/posts\/1750"}],"collection":[{"href":"https:\/\/www.cookingchef-freun.de\/index.php?rest_route=\/wp\/v2\/posts"}],"about":[{"href":"https:\/\/www.cookingchef-freun.de\/index.php?rest_route=\/wp\/v2\/types\/post"}],"author":[{"embeddable":true,"href":"https:\/\/www.cookingchef-freun.de\/index.php?rest_route=\/wp\/v2\/users\/3"}],"replies":[{"embeddable":true,"href":"https:\/\/www.cookingchef-freun.de\/index.php?rest_route=%2Fwp%2Fv2%2Fcomments&post=1750"}],"version-history":[{"count":5,"href":"https:\/\/www.cookingchef-freun.de\/index.php?rest_route=\/wp\/v2\/posts\/1750\/revisions"}],"predecessor-version":[{"id":3138,"href":"https:\/\/www.cookingchef-freun.de\/index.php?rest_route=\/wp\/v2\/posts\/1750\/revisions\/3138"}],"wp:attachment":[{"href":"https:\/\/www.cookingchef-freun.de\/index.php?rest_route=%2Fwp%2Fv2%2Fmedia&parent=1750"}],"wp:term":[{"taxonomy":"category","embeddable":true,"href":"https:\/\/www.cookingchef-freun.de\/index.php?rest_route=%2Fwp%2Fv2%2Fcategories&post=1750"},{"taxonomy":"post_tag","embeddable":true,"href":"https:\/\/www.cookingchef-freun.de\/index.php?rest_route=%2Fwp%2Fv2%2Ftags&post=1750"}],"curies":[{"name":"wp","href":"https:\/\/api.w.org\/{rel}","templated":true}]}}