{"id":1348,"date":"2015-11-04T21:09:30","date_gmt":"2015-11-04T21:09:30","guid":{"rendered":"http:\/\/www.cookingchef-freun.de\/?p=1348"},"modified":"2018-01-17T15:13:40","modified_gmt":"2018-01-17T15:13:40","slug":"schokoladen-torte-sachertorte","status":"publish","type":"post","link":"https:\/\/www.cookingchef-freun.de\/?p=1348","title":{"rendered":"Schokoladen Torte Sachertorte &#8211; Variationen"},"content":{"rendered":"<div class=\"clearfix\">\n<div>\n<h2 class=\"_5clb\"><a href=\"http:\/\/www.cookingchef-freun.de\/wordpress\/wp-content\/uploads\/2015\/11\/sacher1.jpg\"><img decoding=\"async\" loading=\"lazy\" class=\"alignnone size-medium wp-image-3339\" src=\"http:\/\/www.cookingchef-freun.de\/wordpress\/wp-content\/uploads\/2015\/11\/sacher1-300x248.jpg\" alt=\"sacher1\" width=\"300\" height=\"248\" srcset=\"https:\/\/www.cookingchef-freun.de\/wordpress\/wp-content\/uploads\/2015\/11\/sacher1-300x248.jpg 300w, https:\/\/www.cookingchef-freun.de\/wordpress\/wp-content\/uploads\/2015\/11\/sacher1.jpg 720w\" sizes=\"(max-width: 300px) 100vw, 300px\" \/><\/a><\/h2>\n<\/div>\n<\/div>\n<div class=\"_5k3v _5k3w clearfix\">\n<p>Foto und Rezept von Manfred Cuntz\/Teig ist aus dem Sacher Kochbuch\/Rezept Nr. 1<\/p>\n<p><strong><span style=\"color: #ff9900;\">1. Rezept von Manfred Cuntz getestet und f\u00fcr gut befunden<\/span><\/strong><\/p>\n<p><strong>Zutaten:<br \/>\n<\/strong><em>Teig:<\/em><strong><br \/>\n<\/strong>140 g Butter<br \/>\n110 g Staubzucker<br \/>\nVanillezucker<br \/>\n6 Eidotter<br \/>\n130 g Zartbitterkuvert\u00fcre (bei mir: 70%ige Callebaut Kuvert\u00fcre(<br \/>\n6 Eiklar<br \/>\n110 g Kristallzucker<br \/>\n140 g Mehl<br \/>\nMarillenmarmelade<\/p>\n<p><em>Glasur:<\/em><br \/>\n150 ml Schlagsahne<br \/>\n1 EL Vanillezucker<br \/>\n225 g Kuvert\u00fcre 70% und<br \/>\n60 g Butter<br \/>\n50 ml Milch<\/p>\n<p><strong>Zubereitung:<br \/>\n<\/strong><em>Teig<\/em><br \/>\nDie leichterw\u00e4rmte Butter wird mit dem Staubzucker und Vanillezucker schaumig ger\u00fchrt (Profi-Patisserie Element oder Flexi-R\u00fchrer) , dann gibt man nach und nach die 6 Eidotter dazu und r\u00fchrt mit dem Ballonschneebesen auch die vorgew\u00e4rmte Schokolade ein.<\/p>\n<p>Jetzt wird der Schnee von 6 Eiklar geschlagen, mit dem Kristallzucker ganz steif ausgeschlagen (Ballonschneebesen) und vorsichtig mit dem Kochl\u00f6ffel (Unterhebe R\u00fchrelement) unter die obige Masse ger\u00fchrt. Anschlie\u00dfend wird das Mehl ebenso vorsichtig mit der Masse verr\u00fchrt (einmeliert (Unterhebe R\u00fchrelement).<\/p>\n<p>Zum Backen verwendet man eine einer Kasserolle \u00e4hnliche Tortenform von 22 bis 24 cm Durchmesser. Den Boden belegt man am besten mit einem Blatt Pergamentpapier. Nun f\u00fcllt man die Masse in die Form und streicht sie glatt. Die Masse wird in einem vorgew\u00e4rmten Backrohr bei mittlerer Hitze (ca. 170 Grad Celsius) gebacken; dabei l\u00e4\u00dft man die ersten 12 bis 15 Minuten die Backrohrt\u00fcr einen fingerbreiten Spalt offen, damit die Masse sich heben und ganz leicht w\u00f6lben kann, aber sich noch keine Kruste bildet. Dann backt man die Torte bei geschlossenem Rohr eine Stunde lang aus. Ausgebacken ist sie, wenn sie einen leichten Fingerdruck ganz \u00bbleise\u00ab erwidert.<\/p>\n<p>Nun st\u00fcrzt man die Torte samt Form auf ein Sieb und l\u00e4\u00dft sie 20 Minuten ausk\u00fchlen, dann stellt man sie wieder so, wie sie in der Form lag, und l\u00e4\u00dft sie ganz ausk\u00fchlen. Erst nach dem v\u00f6lligen Ausk\u00fchlen nimmt man die Torte aus der Form. Dazu wird die Torte mit einem d\u00fcnnen kleinen Messer glatt vom Rand losgeschnitten, der Tortenboden und das angebackene Papier entfernt. Sie wird nun auf der Oberseite glattgeschnitten und wieder umgedreht. Der glatte Tortenboden wird mit geschmeidig verr\u00fchrter, leichterw\u00e4rmter Marillenmarmelade bestrichen. Zum Schlu\u00df die Torte mit der Glasur \u00fcberziehen.<\/p>\n<p><em><a href=\"http:\/\/www.cookingchef-freun.de\/wordpress\/wp-content\/uploads\/2015\/11\/sache3.jpg\"><img decoding=\"async\" loading=\"lazy\" class=\"alignnone size-full wp-image-3340\" src=\"http:\/\/www.cookingchef-freun.de\/wordpress\/wp-content\/uploads\/2015\/11\/sache3.jpg\" alt=\"sache3\" width=\"261\" height=\"181\" \/><\/a> <a href=\"http:\/\/www.cookingchef-freun.de\/wordpress\/wp-content\/uploads\/2015\/11\/sache2.jpg\"><img decoding=\"async\" loading=\"lazy\" class=\"alignnone size-medium wp-image-3341\" src=\"http:\/\/www.cookingchef-freun.de\/wordpress\/wp-content\/uploads\/2015\/11\/sache2.jpg\" alt=\"sache2\" width=\"261\" height=\"195\" \/><\/a> <a href=\"http:\/\/www.cookingchef-freun.de\/wordpress\/wp-content\/uploads\/2015\/11\/sache1.jpg\"><img decoding=\"async\" loading=\"lazy\" class=\"alignnone size-medium wp-image-3342\" src=\"http:\/\/www.cookingchef-freun.de\/wordpress\/wp-content\/uploads\/2015\/11\/sache1.jpg\" alt=\"sache1\" width=\"261\" height=\"195\" \/><\/a><br \/>\n<\/em>Fotos Manfred Cuntz<\/p>\n<p><em>Glasur:<\/em><br \/>\nSchlagsahne mit Vanillezucker mit Flexi-R\u00fchrelement auf 110\u00b0C aufkochen.<\/p>\n<p>Temperatur auf 0 und abschalten.<\/p>\n<p>Kuvert\u00fcre und\u00a0 Butter zugeben. R\u00fchren Stufe I bis alles aufgel\u00f6st.<\/p>\n<p>Ich hab es laufen lassen bis 50\u00b0C<\/p>\n<p>Milch zugeben und weiter r\u00fchren lassen bis eine glatte Masse entstanden ist.<\/p>\n<p>Dann habe ich auf Intervallstufe II weiter laufen lassen bis ca. 30\u00b0C.<\/p>\n<p>Glasur \u00fcber den Kuchen laufen lassen.<\/p>\n<p><a href=\"http:\/\/www.cookingchef-freun.de\/wordpress\/wp-content\/uploads\/2015\/11\/sache6.jpg\"><img decoding=\"async\" loading=\"lazy\" class=\"alignnone size-full wp-image-3343\" src=\"http:\/\/www.cookingchef-freun.de\/wordpress\/wp-content\/uploads\/2015\/11\/sache6.jpg\" alt=\"sache6\" width=\"261\" height=\"210\" \/><\/a><a href=\"http:\/\/www.cookingchef-freun.de\/wordpress\/wp-content\/uploads\/2015\/11\/sache5.jpg\"><img decoding=\"async\" loading=\"lazy\" class=\"alignnone size-medium wp-image-3344\" src=\"http:\/\/www.cookingchef-freun.de\/wordpress\/wp-content\/uploads\/2015\/11\/sache5.jpg\" alt=\"sache5\" width=\"261\" height=\"175\" \/><\/a><a href=\"http:\/\/www.cookingchef-freun.de\/wordpress\/wp-content\/uploads\/2015\/11\/sache4.jpg\"><img decoding=\"async\" loading=\"lazy\" class=\"alignnone size-medium wp-image-3345\" src=\"http:\/\/www.cookingchef-freun.de\/wordpress\/wp-content\/uploads\/2015\/11\/sache4.jpg\" alt=\"sache4\" width=\"261\" height=\"203\" \/><\/a><br \/>\nFotos Manfred Cuntz\/Rezept Nr. 1<\/p>\n<p><span style=\"color: #ff9900;\"><strong>2. Rezept von Manfred Cuntz<\/strong><\/span><\/p>\n<p><span style=\"color: #000000;\" data-ft=\"{&quot;tn&quot;:&quot;K&quot;}\"><span class=\"UFICommentBody _1n4g\"><strong>Zutaten<\/strong> F\u00fcr 12 Portionen (26cm Springform)<br \/>\n<em>Schokoladenbiskuit<\/em><br \/>\n8 Eier<br \/>\nSalz<br \/>\n260g Zucker<br \/>\n200 g Halbbitter-Kuvert\u00fcre (70%)<br \/>\n200g Butter<br \/>\n50g Puderzucker<br \/>\n200g Mehl<\/span><\/span><\/p>\n<p><em>\u00dcberzug und F\u00fcllung<\/em><br \/>\n200g Halbbitter-Kuvert\u00fcre<br \/>\n220 ml Schlagsahne<br \/>\n40g Butter<br \/>\n110g Zucker<br \/>\n50g Cr\u00e8me double<br \/>\n30g Puderzucker<br \/>\n4cl brauner Rum<br \/>\n250g Marillenkonfit\u00fcre<br \/>\n50 g wei\u00dfe Kuvert\u00fcre<\/p>\n<p><strong>Zubereitung:<\/strong><\/p>\n<p>1. Die Eier trennen. Eiwei\u00df mit 1 Prise Salz halbsteif schlagen (Ballonschneebesen), dabei den Zucker nach und nach einrieseln lassen. Die Kuvert\u00fcre fein hacken, im hei\u00dfen Wasserbad langsam schmelzen. Herausnehmen und etwas abk\u00fchlen lassen.<\/p>\n<p>2. Butter und Puderzucker schaumig r\u00fchren (Flexi). Eigelb nach und nach unterr\u00fchren. Dann die Kuvert\u00fcre unterr\u00fchren und anschlie\u00dfend ein Drittel des Eischnees unter die Buttermasse r\u00fchren. Restlichen Eischnee ebenfalls unterheben (Unterhebr\u00fchrelement). Das Mehl nach und nach dar\u00fcbersieben und unterheben.<\/p>\n<p>3. Den Boden einer Springform (26 cm Durchmesser) mit Backpapier auslegen. Die Masse hineinf\u00fcllen und im vorgeheizten Backofen bei 170 Grad ca. 1 Stunde backen (Gas 1-2, Umluft 150 Grad). Den Tortenboden aus dem Ofen nehmen und ausk\u00fchlen lassen.<\/p>\n<p>4. F\u00fcr den Schokoladen\u00fcberzug die Kuvert\u00fcre fein hacken (Trommelraffel). Die Sahne aufkochen, die Butter einr\u00fchren und die Hitze reduzieren. Die Kuvert\u00fcre hinzugeben und unter R\u00fchren aufl\u00f6sen. 90 ml Wasser mit dem Zucker aufkochen, von der Kochstelle nehmen und die Cr\u00e8me double einr\u00fchren. Die Zuckermischung mit der Kuvert\u00fcre-Sahne-Mischung verr\u00fchren.<\/p>\n<p>5. Den Puderzucker mit dem Rum und 20 ml Wasser aufkochen.<\/p>\n<p>6. Den ausgek\u00fchlten Tortenboden im unteren Drittel einmal waagerecht durchschneiden. Unteren Teil mit dem Rum-Zucker-Gemisch tr\u00e4nken und mit 150 g Aprikosenkonfit\u00fcre bestreichen, oberen Teil daraufsetzen. Restliche Konfit\u00fcre erhitzen und die Torte damit d\u00fcnn bestreichen.<\/p>\n<p>7. Den Schokoladen\u00fcberzug mit einer Suppenkelle gleichm\u00e4\u00dfig \u00fcber die Torte gie\u00dfen, im K\u00fchlschrank fest werden lassen. Die wei\u00dfe Kuvert\u00fcre im hei\u00dfen Wasserbad schmelzen, in einen Papierspritzbeutel geben und das Wort &#8222;Sacher&#8220; auf die Torte spritzen.<\/p>\n<\/div>\n<p><span style=\"color: #ff9900;\"><strong>3. Bild und Rezept von Daniela Huemer<\/strong><\/span><br \/>\n<a href=\"http:\/\/www.cookingchef-freun.de\/wordpress\/wp-content\/uploads\/2018\/01\/Sachertorte.jpg\"><img decoding=\"async\" loading=\"lazy\" class=\"alignnone size-medium wp-image-9691\" src=\"http:\/\/www.cookingchef-freun.de\/wordpress\/wp-content\/uploads\/2018\/01\/Sachertorte-300x225.jpg\" alt=\"\" width=\"300\" height=\"225\" srcset=\"https:\/\/www.cookingchef-freun.de\/wordpress\/wp-content\/uploads\/2018\/01\/Sachertorte-300x225.jpg 300w, https:\/\/www.cookingchef-freun.de\/wordpress\/wp-content\/uploads\/2018\/01\/Sachertorte-768x576.jpg 768w, https:\/\/www.cookingchef-freun.de\/wordpress\/wp-content\/uploads\/2018\/01\/Sachertorte-1024x768.jpg 1024w, https:\/\/www.cookingchef-freun.de\/wordpress\/wp-content\/uploads\/2018\/01\/Sachertorte.jpg 1440w\" sizes=\"(max-width: 300px) 100vw, 300px\" \/><\/a><\/p>\n<p>&nbsp;<\/p>\n<p><span data-ft=\"{&quot;tn&quot;:&quot;K&quot;}\"><span class=\"UFICommentBody _1n4g\"><strong>Zutaten:<br \/>\n<\/strong><\/span><\/span>210g zimmerwarme Butter<br \/>\n175g Staubzucker<br \/>\n1Pkg. Vanillezucker<br \/>\n9 Eidotter<br \/>\n9 Eiklar<br \/>\n200g dunkle Schokolade<br \/>\n175g Kristallzucker<br \/>\n210g glattes Mehl<br \/>\n50g Backkakao<\/p>\n<p>Marillenmarmelde zum F\u00fcllen und bestreichen<\/p>\n<p>Glasur:<br \/>\n200g Kristallzucker<br \/>\n125g Wasser<br \/>\n150g dunkle Schokolade<\/p>\n<p><strong>Zubereitung:<br \/>\n<\/strong>Butter mit Staubzucker und Vanillezucker schaumig r\u00fchren, die Eidotter nach und nach langsam einr\u00fchren und dickschaumig schlagen.<\/p>\n<p>Die Schokolade im Wasserbad schmelzen, etwas ausk\u00fchlen lassen und unterr\u00fchren.<\/p>\n<p>Die Eiklar steif schlagen, dabei den Kristallzucker langsam einrieseln lassen und zu einem schnittfesten, gl\u00e4nzenden Schnee weiterschlagen.<\/p>\n<p>Den Schnee auf die Dottermasse h\u00e4ufen, das Mehl und den Kakao dar\u00fcber sieben und vorsichtig vermengen.<\/p>\n<p>Den Boden einer Springform mit Backpapier auslegen, den Rand mit Butter und Mehl bestreichen. Die Teigmasse ein f\u00fcllen und im vorgeheizten Backrohr bei 170\u00b0 55-60 Minuten backen.<\/p>\n<p>Die Torte auf einem Gitter ausk\u00fchlen lassen, den oberen knusrig gebackenen Teil entfernen. Die Torte einmal halbieren und mit Marmelade bestreichen. Die Torte wieder zusammen setzen, auch au\u00dfer ganz d\u00fcnn bestreichen und antrocknen lassen.<\/p>\n<p>F\u00fcr die Glasur Zucker und Wasser 5 Minuten sprudelnd kochen lassen, leicht ausk\u00fchlen lassen. Schokolade im Wasserbad schmelzen und nach und nach mit der Zuckerl\u00f6sung vermischen.<\/p>\n<p>Die lippenwarme Glasur in einem Guss \u00fcber die Torte gie\u00dfen mit einer Palette rasch glatt streichen.<\/p>\n<p>Mindestens 1 Stunde kalt stellen.<\/p>\n","protected":false},"excerpt":{"rendered":"<p>Foto und Rezept von Manfred Cuntz\/Teig ist aus dem Sacher Kochbuch\/Rezept Nr. 1 1. Rezept von Manfred Cuntz getestet und f\u00fcr gut befunden Zutaten: Teig: 140 g Butter 110 g Staubzucker Vanillezucker 6 Eidotter 130 g Zartbitterkuvert\u00fcre (bei mir: 70%ige Callebaut Kuvert\u00fcre( 6 Eiklar 110 g Kristallzucker 140 g Mehl Marillenmarmelade Glasur: 150 ml Schlagsahne &hellip; <a href=\"https:\/\/www.cookingchef-freun.de\/?p=1348\" class=\"more-link\"><span class=\"screen-reader-text\">Schokoladen Torte Sachertorte &#8211; Variationen<\/span> weiterlesen <span class=\"meta-nav\">&rarr;<\/span><\/a><\/p>\n","protected":false},"author":3,"featured_media":0,"comment_status":"open","ping_status":"open","sticky":false,"template":"","format":"standard","meta":[],"categories":[127,126,8,7,169,124],"tags":[115,72,617,207,315,490],"_links":{"self":[{"href":"https:\/\/www.cookingchef-freun.de\/index.php?rest_route=\/wp\/v2\/posts\/1348"}],"collection":[{"href":"https:\/\/www.cookingchef-freun.de\/index.php?rest_route=\/wp\/v2\/posts"}],"about":[{"href":"https:\/\/www.cookingchef-freun.de\/index.php?rest_route=\/wp\/v2\/types\/post"}],"author":[{"embeddable":true,"href":"https:\/\/www.cookingchef-freun.de\/index.php?rest_route=\/wp\/v2\/users\/3"}],"replies":[{"embeddable":true,"href":"https:\/\/www.cookingchef-freun.de\/index.php?rest_route=%2Fwp%2Fv2%2Fcomments&post=1348"}],"version-history":[{"count":13,"href":"https:\/\/www.cookingchef-freun.de\/index.php?rest_route=\/wp\/v2\/posts\/1348\/revisions"}],"predecessor-version":[{"id":9694,"href":"https:\/\/www.cookingchef-freun.de\/index.php?rest_route=\/wp\/v2\/posts\/1348\/revisions\/9694"}],"wp:attachment":[{"href":"https:\/\/www.cookingchef-freun.de\/index.php?rest_route=%2Fwp%2Fv2%2Fmedia&parent=1348"}],"wp:term":[{"taxonomy":"category","embeddable":true,"href":"https:\/\/www.cookingchef-freun.de\/index.php?rest_route=%2Fwp%2Fv2%2Fcategories&post=1348"},{"taxonomy":"post_tag","embeddable":true,"href":"https:\/\/www.cookingchef-freun.de\/index.php?rest_route=%2Fwp%2Fv2%2Ftags&post=1348"}],"curies":[{"name":"wp","href":"https:\/\/api.w.org\/{rel}","templated":true}]}}