{"id":11932,"date":"2020-02-09T17:34:32","date_gmt":"2020-02-09T17:34:32","guid":{"rendered":"http:\/\/www.cookingchef-freun.de\/?p=11932"},"modified":"2021-06-05T15:55:27","modified_gmt":"2021-06-05T15:55:27","slug":"mini-maultaschen-mit-fleischfuellung","status":"publish","type":"post","link":"https:\/\/www.cookingchef-freun.de\/?p=11932","title":{"rendered":"Mini Maultaschen mit Fleischf\u00fcllung"},"content":{"rendered":"<p><a href=\"http:\/\/www.cookingchef-freun.de\/wordpress\/wp-content\/uploads\/2020\/02\/Mini-Maultascehn-2.jpg\"><img decoding=\"async\" loading=\"lazy\" class=\"alignnone size-medium wp-image-11933\" src=\"http:\/\/www.cookingchef-freun.de\/wordpress\/wp-content\/uploads\/2020\/02\/Mini-Maultascehn-2-300x142.jpg\" alt=\"\" width=\"300\" height=\"142\" srcset=\"https:\/\/www.cookingchef-freun.de\/wordpress\/wp-content\/uploads\/2020\/02\/Mini-Maultascehn-2-300x142.jpg 300w, https:\/\/www.cookingchef-freun.de\/wordpress\/wp-content\/uploads\/2020\/02\/Mini-Maultascehn-2-768x364.jpg 768w, https:\/\/www.cookingchef-freun.de\/wordpress\/wp-content\/uploads\/2020\/02\/Mini-Maultascehn-2-1024x485.jpg 1024w, https:\/\/www.cookingchef-freun.de\/wordpress\/wp-content\/uploads\/2020\/02\/Mini-Maultascehn-2.jpg 1352w\" sizes=\"(max-width: 300px) 100vw, 300px\" \/><\/a><br \/>\nRezept und Bilder von Elvira Prei\u00df<\/p>\n<p><strong>Zutaten Teig<\/strong><\/p>\n<p>300 g Semola grano duro rimicanati<br \/>\n300 g Mehl<br \/>\n6 Eier<br \/>\n2 Essl. Oliven\u00f6l<\/p>\n<p>alle Zutaten mit dem Knethaken zu einen festen Teig verarbeiten .<br \/>\nIn Frischhaltefolie einpacken und mindestens 1 Stunde in den K\u00fchlschrank stellen.<\/p>\n<p><strong>F\u00fcllung\u00a0<\/strong><\/p>\n<p>1 Knoblauchzehe<br \/>\n1 Zwiebel<br \/>\n400g Hackfleisch<br \/>\n400g Babyspinat<br \/>\n200g Kalbsbr\u00e4t<br \/>\nPfeffer , Salz, Maggikraut<\/p>\n<p>Knoblauch und Zwiebel in einer Pfanne anbraten , Hackfleisch hinzuf\u00fcgen und mit anbraten , Spinat ebenfalls hinzuf\u00fcgen und anbraten mit Pfeffer , Salz und Maggikraut w\u00fcrzen.<br \/>\nalles abk\u00fchlen lassen<br \/>\nabgek\u00fchlte Masse zusammen mit dem Kalbsbr\u00e4t im Multi mit dem Messer zu einer Masse zerkleinern.<\/p>\n<p>Den Teig mit der Lasagnewalze auf gew\u00fcnschte St\u00e4rke auswalzen , die Bahnen m\u00fcssen die komplette Brreite der Walze ausf\u00fcllen wenn man die Mini Maultaschen mit dem Raviolimaker macht.<\/p>\n<p>Ich hatte bei der neuen Walze die St\u00e4rke 5.<\/p>\n<p>Die Teigbahnen auf einer Seite gut bemehlen.<\/p>\n<p>Den Raviolimaker auf die Maschine setzen.<\/p>\n<p>2 gleichlange Teigbahnen nach Anleitung mit der bemehlten Seite nach au\u00dfen in den Raviolimaker einlegen und dann die wei\u00dfe Einf\u00fcllhilfe aufsetzen.<\/p>\n<p>Die F\u00fcllung in einen Spritzbeutel f\u00fcllen und dann in den Teig einf\u00fcllen , wenn man am Rad dreht sieht man immer wieder wenn die \u00d6ffnung des Teiges kommt und da dann am besten reinf\u00fcllen.<\/p>\n<p><a href=\"http:\/\/www.cookingchef-freun.de\/wordpress\/wp-content\/uploads\/2020\/02\/Mini-Maultascehn-3.jpg\"><img decoding=\"async\" loading=\"lazy\" class=\"alignnone size-medium wp-image-11934\" src=\"http:\/\/www.cookingchef-freun.de\/wordpress\/wp-content\/uploads\/2020\/02\/Mini-Maultascehn-3-225x300.jpg\" alt=\"\" width=\"225\" height=\"300\" srcset=\"https:\/\/www.cookingchef-freun.de\/wordpress\/wp-content\/uploads\/2020\/02\/Mini-Maultascehn-3-225x300.jpg 225w, https:\/\/www.cookingchef-freun.de\/wordpress\/wp-content\/uploads\/2020\/02\/Mini-Maultascehn-3.jpg 720w\" sizes=\"(max-width: 225px) 100vw, 225px\" \/><\/a><\/p>\n<p>Die fertigen Maultaschen noch etwas liegen und antrocknen lassen dann lassen sie sich besser voneinander trennen.<\/p>\n<p><a href=\"http:\/\/www.cookingchef-freun.de\/wordpress\/wp-content\/uploads\/2020\/02\/Mini-Maultaschen-1.jpg\"><img decoding=\"async\" loading=\"lazy\" class=\"alignnone size-medium wp-image-11935\" src=\"http:\/\/www.cookingchef-freun.de\/wordpress\/wp-content\/uploads\/2020\/02\/Mini-Maultaschen-1-300x142.jpg\" alt=\"\" width=\"300\" height=\"142\" srcset=\"https:\/\/www.cookingchef-freun.de\/wordpress\/wp-content\/uploads\/2020\/02\/Mini-Maultaschen-1-300x142.jpg 300w, https:\/\/www.cookingchef-freun.de\/wordpress\/wp-content\/uploads\/2020\/02\/Mini-Maultaschen-1-768x364.jpg 768w, https:\/\/www.cookingchef-freun.de\/wordpress\/wp-content\/uploads\/2020\/02\/Mini-Maultaschen-1-1024x485.jpg 1024w, https:\/\/www.cookingchef-freun.de\/wordpress\/wp-content\/uploads\/2020\/02\/Mini-Maultaschen-1.jpg 1352w\" sizes=\"(max-width: 300px) 100vw, 300px\" \/><\/a><\/p>\n<p>&nbsp;<\/p>\n","protected":false},"excerpt":{"rendered":"<p>Rezept und Bilder von Elvira Prei\u00df Zutaten Teig 300 g Semola grano duro rimicanati 300 g Mehl 6 Eier 2 Essl. Oliven\u00f6l alle Zutaten mit dem Knethaken zu einen festen Teig verarbeiten . In Frischhaltefolie einpacken und mindestens 1 Stunde in den K\u00fchlschrank stellen. F\u00fcllung\u00a0 1 Knoblauchzehe 1 Zwiebel 400g Hackfleisch 400g Babyspinat 200g Kalbsbr\u00e4t &hellip; <a href=\"https:\/\/www.cookingchef-freun.de\/?p=11932\" class=\"more-link\"><span class=\"screen-reader-text\">Mini Maultaschen mit Fleischf\u00fcllung<\/span> weiterlesen <span class=\"meta-nav\">&rarr;<\/span><\/a><\/p>\n","protected":false},"author":12,"featured_media":0,"comment_status":"closed","ping_status":"closed","sticky":false,"template":"","format":"standard","meta":[],"categories":[135,1754,1],"tags":[1760,1345,1761],"_links":{"self":[{"href":"https:\/\/www.cookingchef-freun.de\/index.php?rest_route=\/wp\/v2\/posts\/11932"}],"collection":[{"href":"https:\/\/www.cookingchef-freun.de\/index.php?rest_route=\/wp\/v2\/posts"}],"about":[{"href":"https:\/\/www.cookingchef-freun.de\/index.php?rest_route=\/wp\/v2\/types\/post"}],"author":[{"embeddable":true,"href":"https:\/\/www.cookingchef-freun.de\/index.php?rest_route=\/wp\/v2\/users\/12"}],"replies":[{"embeddable":true,"href":"https:\/\/www.cookingchef-freun.de\/index.php?rest_route=%2Fwp%2Fv2%2Fcomments&post=11932"}],"version-history":[{"count":3,"href":"https:\/\/www.cookingchef-freun.de\/index.php?rest_route=\/wp\/v2\/posts\/11932\/revisions"}],"predecessor-version":[{"id":12663,"href":"https:\/\/www.cookingchef-freun.de\/index.php?rest_route=\/wp\/v2\/posts\/11932\/revisions\/12663"}],"wp:attachment":[{"href":"https:\/\/www.cookingchef-freun.de\/index.php?rest_route=%2Fwp%2Fv2%2Fmedia&parent=11932"}],"wp:term":[{"taxonomy":"category","embeddable":true,"href":"https:\/\/www.cookingchef-freun.de\/index.php?rest_route=%2Fwp%2Fv2%2Fcategories&post=11932"},{"taxonomy":"post_tag","embeddable":true,"href":"https:\/\/www.cookingchef-freun.de\/index.php?rest_route=%2Fwp%2Fv2%2Ftags&post=11932"}],"curies":[{"name":"wp","href":"https:\/\/api.w.org\/{rel}","templated":true}]}}