{"id":11563,"date":"2019-07-04T09:36:12","date_gmt":"2019-07-04T09:36:12","guid":{"rendered":"http:\/\/www.cookingchef-freun.de\/?p=11563"},"modified":"2019-07-04T10:59:22","modified_gmt":"2019-07-04T10:59:22","slug":"variationen-aus-milch-und-sahne-selbstgemacht","status":"publish","type":"post","link":"https:\/\/www.cookingchef-freun.de\/?p=11563","title":{"rendered":"K\u00e4se-Variationen aus Milch und Sahne selbstgemacht"},"content":{"rendered":"<p><span style=\"color: #ff9900;\"><strong>1 K\u00e4se und Molke aus Frischmilch von Jana R\u00fchle\u00a0<\/strong><\/span><\/p>\n<p><a href=\"http:\/\/www.cookingchef-freun.de\/wordpress\/wp-content\/uploads\/2019\/07\/Molke-und-K\u00e4se-7.jpg\"><img decoding=\"async\" loading=\"lazy\" class=\"alignnone size-medium wp-image-11570\" src=\"http:\/\/www.cookingchef-freun.de\/wordpress\/wp-content\/uploads\/2019\/07\/Molke-und-K\u00e4se-7-225x300.jpg\" alt=\"\" width=\"225\" height=\"300\" srcset=\"https:\/\/www.cookingchef-freun.de\/wordpress\/wp-content\/uploads\/2019\/07\/Molke-und-K\u00e4se-7-225x300.jpg 225w, https:\/\/www.cookingchef-freun.de\/wordpress\/wp-content\/uploads\/2019\/07\/Molke-und-K\u00e4se-7.jpg 720w\" sizes=\"(max-width: 225px) 100vw, 225px\" \/><\/a> <a href=\"http:\/\/www.cookingchef-freun.de\/wordpress\/wp-content\/uploads\/2019\/07\/Molke-und-K\u00e4se-8.jpg\"><img decoding=\"async\" loading=\"lazy\" class=\"alignnone size-medium wp-image-11571\" src=\"http:\/\/www.cookingchef-freun.de\/wordpress\/wp-content\/uploads\/2019\/07\/Molke-und-K\u00e4se-8-223x300.jpg\" alt=\"\" width=\"223\" height=\"300\" srcset=\"https:\/\/www.cookingchef-freun.de\/wordpress\/wp-content\/uploads\/2019\/07\/Molke-und-K\u00e4se-8-223x300.jpg 223w, https:\/\/www.cookingchef-freun.de\/wordpress\/wp-content\/uploads\/2019\/07\/Molke-und-K\u00e4se-8.jpg 714w\" sizes=\"(max-width: 223px) 100vw, 223px\" \/><\/a><\/p>\n<p><strong>Zutaten<\/strong><br \/>\n2 Liter Frischmilch 3,5%<br \/>\n2-3 TL. Salz<br \/>\n2 TL Essigessenz<\/p>\n<p><strong>Zubereitung\u00a0<\/strong><\/p>\n<p>2 Liter frische Bio-Vollmilch 3,8% &gt;&gt; K\u00fchlschrankkalte Milch etwa 12 Minuten auf 80\u00b0 mit dem Flexi-R\u00fchrer auf Intervall 2 r\u00fchren<\/p>\n<p><a href=\"http:\/\/www.cookingchef-freun.de\/wordpress\/wp-content\/uploads\/2019\/07\/Molke-und-K\u00e4se-1.jpg\"><img decoding=\"async\" loading=\"lazy\" class=\"alignnone size-medium wp-image-11564\" src=\"http:\/\/www.cookingchef-freun.de\/wordpress\/wp-content\/uploads\/2019\/07\/Molke-und-K\u00e4se-1-225x300.jpg\" alt=\"\" width=\"225\" height=\"300\" srcset=\"https:\/\/www.cookingchef-freun.de\/wordpress\/wp-content\/uploads\/2019\/07\/Molke-und-K\u00e4se-1-225x300.jpg 225w, https:\/\/www.cookingchef-freun.de\/wordpress\/wp-content\/uploads\/2019\/07\/Molke-und-K\u00e4se-1.jpg 720w\" sizes=\"(max-width: 225px) 100vw, 225px\" \/><\/a> <a href=\"http:\/\/www.cookingchef-freun.de\/wordpress\/wp-content\/uploads\/2019\/07\/goldenerschnatz7.jpg\"><img decoding=\"async\" loading=\"lazy\" class=\"alignnone size-medium wp-image-11559\" src=\"http:\/\/www.cookingchef-freun.de\/wordpress\/wp-content\/uploads\/2019\/07\/goldenerschnatz7-300x225.jpg\" alt=\"\" width=\"300\" height=\"225\" srcset=\"https:\/\/www.cookingchef-freun.de\/wordpress\/wp-content\/uploads\/2019\/07\/goldenerschnatz7-300x225.jpg 300w, https:\/\/www.cookingchef-freun.de\/wordpress\/wp-content\/uploads\/2019\/07\/goldenerschnatz7.jpg 640w\" sizes=\"(max-width: 300px) 100vw, 300px\" \/><\/a><\/p>\n<p>2 Teel\u00f6ffel Essigessenz und 2-3 TL Salz zugeben eingeben &gt;&gt; 1 Minute weiter <strong>ohne<\/strong> Temperatur gleiche Stufe<\/p>\n<p>10 Minuten im Topf ruhen lassen<\/p>\n<p>Abgie\u00dfen ( Topf+ Sieb + feines Tuch) und gut ausdr\u00fccken<\/p>\n<p><a href=\"http:\/\/www.cookingchef-freun.de\/wordpress\/wp-content\/uploads\/2019\/07\/Molke-und-K\u00e4se-3.jpg\"><img decoding=\"async\" loading=\"lazy\" class=\"alignnone size-medium wp-image-11566\" src=\"http:\/\/www.cookingchef-freun.de\/wordpress\/wp-content\/uploads\/2019\/07\/Molke-und-K\u00e4se-3-225x300.jpg\" alt=\"\" width=\"225\" height=\"300\" srcset=\"https:\/\/www.cookingchef-freun.de\/wordpress\/wp-content\/uploads\/2019\/07\/Molke-und-K\u00e4se-3-225x300.jpg 225w, https:\/\/www.cookingchef-freun.de\/wordpress\/wp-content\/uploads\/2019\/07\/Molke-und-K\u00e4se-3.jpg 720w\" sizes=\"(max-width: 225px) 100vw, 225px\" \/><\/a> <a href=\"http:\/\/www.cookingchef-freun.de\/wordpress\/wp-content\/uploads\/2019\/07\/Molke-und-K\u00e4se-5.jpg\"><img decoding=\"async\" loading=\"lazy\" class=\"alignnone size-medium wp-image-11568\" src=\"http:\/\/www.cookingchef-freun.de\/wordpress\/wp-content\/uploads\/2019\/07\/Molke-und-K\u00e4se-5-225x300.jpg\" alt=\"\" width=\"225\" height=\"300\" srcset=\"https:\/\/www.cookingchef-freun.de\/wordpress\/wp-content\/uploads\/2019\/07\/Molke-und-K\u00e4se-5-225x300.jpg 225w, https:\/\/www.cookingchef-freun.de\/wordpress\/wp-content\/uploads\/2019\/07\/Molke-und-K\u00e4se-5.jpg 720w\" sizes=\"(max-width: 225px) 100vw, 225px\" \/><\/a><\/p>\n<p>&nbsp;<\/p>\n<p>&nbsp;<\/p>\n<p><a href=\"http:\/\/www.cookingchef-freun.de\/wordpress\/wp-content\/uploads\/2019\/07\/Molke-und-K\u00e4se-6.jpg\"><img decoding=\"async\" loading=\"lazy\" class=\"alignnone size-medium wp-image-11569\" src=\"http:\/\/www.cookingchef-freun.de\/wordpress\/wp-content\/uploads\/2019\/07\/Molke-und-K\u00e4se-6-300x225.jpg\" alt=\"\" width=\"300\" height=\"225\" srcset=\"https:\/\/www.cookingchef-freun.de\/wordpress\/wp-content\/uploads\/2019\/07\/Molke-und-K\u00e4se-6-300x225.jpg 300w, https:\/\/www.cookingchef-freun.de\/wordpress\/wp-content\/uploads\/2019\/07\/Molke-und-K\u00e4se-6-768x576.jpg 768w, https:\/\/www.cookingchef-freun.de\/wordpress\/wp-content\/uploads\/2019\/07\/Molke-und-K\u00e4se-6.jpg 960w\" sizes=\"(max-width: 300px) 100vw, 300px\" \/><\/a><\/p>\n<p>(\u00a0Der Frischk\u00e4se jetzt&#8230; Hat jetzt schon eine hohe Schnittfestigkeit. Das n\u00e4chste Mal werde ich auch nicht so viel Molke auspressen. Ich werde Ihnen jetzt erst ein wenig im K\u00fchlschrank reifen lassen&#8230; Sofern man in dieser kurzen Zeit \u00fcberhaupt von reifen lassen sprechen kann) dient als Mozarella Ersatz<\/p>\n<p><a href=\"http:\/\/www.cookingchef-freun.de\/wordpress\/wp-content\/uploads\/2019\/07\/K\u00e4se-8.jpg\"><img decoding=\"async\" loading=\"lazy\" class=\"alignnone size-medium wp-image-11599\" src=\"http:\/\/www.cookingchef-freun.de\/wordpress\/wp-content\/uploads\/2019\/07\/K\u00e4se-8-224x300.jpg\" alt=\"\" width=\"224\" height=\"300\" srcset=\"https:\/\/www.cookingchef-freun.de\/wordpress\/wp-content\/uploads\/2019\/07\/K\u00e4se-8-224x300.jpg 224w, https:\/\/www.cookingchef-freun.de\/wordpress\/wp-content\/uploads\/2019\/07\/K\u00e4se-8-768x1029.jpg 768w, https:\/\/www.cookingchef-freun.de\/wordpress\/wp-content\/uploads\/2019\/07\/K\u00e4se-8-764x1024.jpg 764w, https:\/\/www.cookingchef-freun.de\/wordpress\/wp-content\/uploads\/2019\/07\/K\u00e4se-8.jpg 1504w\" sizes=\"(max-width: 224px) 100vw, 224px\" \/><\/a><\/p>\n<p>( Rezept durch Unterst\u00fctzung\u00a0 Blog Kochtrotz\u00a0 www.kochtrotz.de )<\/p>\n<p>&nbsp;<\/p>\n<p><span style=\"color: #ff9900;\">2. Variante als Frischk\u00e4se<\/span>\u00a0<span style=\"color: #ff9900;\"> von Jana R\u00fchle<\/span><\/p>\n<p><a href=\"http:\/\/www.cookingchef-freun.de\/wordpress\/wp-content\/uploads\/2019\/07\/Frischk\u00e4se-9.jpg\"><img decoding=\"async\" loading=\"lazy\" class=\"alignnone size-medium wp-image-11576\" src=\"http:\/\/www.cookingchef-freun.de\/wordpress\/wp-content\/uploads\/2019\/07\/Frischk\u00e4se-9-225x300.jpg\" alt=\"\" width=\"225\" height=\"300\" srcset=\"https:\/\/www.cookingchef-freun.de\/wordpress\/wp-content\/uploads\/2019\/07\/Frischk\u00e4se-9-225x300.jpg 225w, https:\/\/www.cookingchef-freun.de\/wordpress\/wp-content\/uploads\/2019\/07\/Frischk\u00e4se-9-768x1024.jpg 768w, https:\/\/www.cookingchef-freun.de\/wordpress\/wp-content\/uploads\/2019\/07\/Frischk\u00e4se-9.jpg 1536w\" sizes=\"(max-width: 225px) 100vw, 225px\" \/><\/a><\/p>\n<p><strong>Rezept<\/strong><\/p>\n<p>2 Liter Frischmilch 3,5%<br \/>\n2-3 TL. Salz<br \/>\n2 TL Essigessenz<br \/>\n100ml Sahne<br \/>\nKr\u00e4uter nach Wahl<\/p>\n<p><strong>Zubereitung\u00a0<\/strong><\/p>\n<p>2 Liter frische Bio-Vollmilch 3,8% &gt;&gt; K\u00fchlschrankkalte Milch etwa 12 Minuten auf 80\u00b0 mit dem Flexi-R\u00fchrer auf Intervall 2 r\u00fchren<\/p>\n<p>2 Teel\u00f6ffel Essigessenz zugeben &gt; 1 Minute weiter <strong>ohne<\/strong> Temperatur gleiche Stufe<\/p>\n<p>15 Minuten stehen lassen &gt;&gt; wieder zur\u00fcck in Kenwood Topf + je nach Gusto 1-2 Tl Salz + Kr\u00e4uter + gesch\u00e4tzte 100 ml fl\u00fcssige Schlagsahne &gt;&gt; Flexi-R\u00fchrer, Stufe 2-3, 2-3 Minuten &gt;&gt; in Glas\/Beh\u00e4lter abf\u00fcllen und in den K\u00fchlschrank stellen.<\/p>\n<p>&nbsp;<\/p>\n<p>&nbsp;<\/p>\n","protected":false},"excerpt":{"rendered":"<p>1 K\u00e4se und Molke aus Frischmilch von Jana R\u00fchle\u00a0 Zutaten 2 Liter Frischmilch 3,5% 2-3 TL. Salz 2 TL Essigessenz Zubereitung\u00a0 2 Liter frische Bio-Vollmilch 3,8% &gt;&gt; K\u00fchlschrankkalte Milch etwa 12 Minuten auf 80\u00b0 mit dem Flexi-R\u00fchrer auf Intervall 2 r\u00fchren 2 Teel\u00f6ffel Essigessenz und 2-3 TL Salz zugeben eingeben &gt;&gt; 1 Minute weiter ohne &hellip; <a href=\"https:\/\/www.cookingchef-freun.de\/?p=11563\" class=\"more-link\"><span class=\"screen-reader-text\">K\u00e4se-Variationen aus Milch und Sahne selbstgemacht<\/span> weiterlesen <span class=\"meta-nav\">&rarr;<\/span><\/a><\/p>\n","protected":false},"author":12,"featured_media":0,"comment_status":"closed","ping_status":"closed","sticky":false,"template":"","format":"standard","meta":[],"categories":[126,124],"tags":[1730,102,119],"_links":{"self":[{"href":"https:\/\/www.cookingchef-freun.de\/index.php?rest_route=\/wp\/v2\/posts\/11563"}],"collection":[{"href":"https:\/\/www.cookingchef-freun.de\/index.php?rest_route=\/wp\/v2\/posts"}],"about":[{"href":"https:\/\/www.cookingchef-freun.de\/index.php?rest_route=\/wp\/v2\/types\/post"}],"author":[{"embeddable":true,"href":"https:\/\/www.cookingchef-freun.de\/index.php?rest_route=\/wp\/v2\/users\/12"}],"replies":[{"embeddable":true,"href":"https:\/\/www.cookingchef-freun.de\/index.php?rest_route=%2Fwp%2Fv2%2Fcomments&post=11563"}],"version-history":[{"count":7,"href":"https:\/\/www.cookingchef-freun.de\/index.php?rest_route=\/wp\/v2\/posts\/11563\/revisions"}],"predecessor-version":[{"id":11573,"href":"https:\/\/www.cookingchef-freun.de\/index.php?rest_route=\/wp\/v2\/posts\/11563\/revisions\/11573"}],"wp:attachment":[{"href":"https:\/\/www.cookingchef-freun.de\/index.php?rest_route=%2Fwp%2Fv2%2Fmedia&parent=11563"}],"wp:term":[{"taxonomy":"category","embeddable":true,"href":"https:\/\/www.cookingchef-freun.de\/index.php?rest_route=%2Fwp%2Fv2%2Fcategories&post=11563"},{"taxonomy":"post_tag","embeddable":true,"href":"https:\/\/www.cookingchef-freun.de\/index.php?rest_route=%2Fwp%2Fv2%2Ftags&post=11563"}],"curies":[{"name":"wp","href":"https:\/\/api.w.org\/{rel}","templated":true}]}}