{"id":11454,"date":"2019-06-01T17:03:31","date_gmt":"2019-06-01T17:03:31","guid":{"rendered":"http:\/\/www.cookingchef-freun.de\/?p=11454"},"modified":"2019-06-02T16:10:26","modified_gmt":"2019-06-02T16:10:26","slug":"icecream-nachos","status":"publish","type":"post","link":"https:\/\/www.cookingchef-freun.de\/?p=11454","title":{"rendered":"Icecream-Nachos"},"content":{"rendered":"<p><a href=\"http:\/\/www.cookingchef-freun.de\/wordpress\/wp-content\/uploads\/2019\/06\/P1150839.jpg\"><img decoding=\"async\" loading=\"lazy\" class=\"alignnone size-medium wp-image-11455\" src=\"http:\/\/www.cookingchef-freun.de\/wordpress\/wp-content\/uploads\/2019\/06\/P1150839-300x225.jpg\" alt=\"\" width=\"300\" height=\"225\" srcset=\"https:\/\/www.cookingchef-freun.de\/wordpress\/wp-content\/uploads\/2019\/06\/P1150839-300x225.jpg 300w, https:\/\/www.cookingchef-freun.de\/wordpress\/wp-content\/uploads\/2019\/06\/P1150839.jpg 640w\" sizes=\"(max-width: 300px) 100vw, 300px\" \/><\/a><\/p>\n<p>In Kalifornien gibt es eine Fastfoodkette namens Taco Bell mit mexikanischem Essen, die \u00fcberall auf der Welt Ihre Filialen hat. Wir waren vor ein paar Wochen in Barcelona bei Taco Bell und dieses unglaublich leckere Dessert probiert.\u00a0 So gut uns das m\u00f6glich war haben wir bei der Zubereitung zugeschaut und es heute nachgebaut (allerdings mit selbstgemachten Tortillas und nicht mit denen aus der Packung)&#8230;<\/p>\n<p>4 Portionen\/2 Backbleche<\/p>\n<p><strong>Zutaten:<\/strong><br \/>\n<em>F\u00fcr den Teig:<\/em><br \/>\n200 g Mehl Type 405<br \/>\n1 Messerspitze Salz<br \/>\n1 TL \u00d6l<br \/>\n100 ml lauwarmes Wasser<\/p>\n<p><em>F\u00fcr die Fertigstellung:<\/em><br \/>\n2 EL Zucker<br \/>\n2 EL Zimt<br \/>\n3 EL Butter geschmolzen<br \/>\nZur Deko Schokoladensauce<br \/>\nEis nach Wahl, z.B. Sahne, Karamell, Stracciatella o.\u00e4.<\/p>\n<p><strong>Zubereitung:<\/strong><br \/>\nZutaten f\u00fcr den Teig in Sch\u00fcssel der CC geben. Ca. 7 Minuten kneten (Knethaken).<\/p>\n<p><a href=\"http:\/\/www.cookingchef-freun.de\/wordpress\/wp-content\/uploads\/2019\/06\/P1150817.jpg\"><img decoding=\"async\" loading=\"lazy\" class=\"alignnone size-medium wp-image-11477\" src=\"http:\/\/www.cookingchef-freun.de\/wordpress\/wp-content\/uploads\/2019\/06\/P1150817-300x225.jpg\" alt=\"\" width=\"300\" height=\"225\" srcset=\"https:\/\/www.cookingchef-freun.de\/wordpress\/wp-content\/uploads\/2019\/06\/P1150817-300x225.jpg 300w, https:\/\/www.cookingchef-freun.de\/wordpress\/wp-content\/uploads\/2019\/06\/P1150817.jpg 640w\" sizes=\"(max-width: 300px) 100vw, 300px\" \/><\/a><br \/>\nTeig in Klarsichtfolie packen und ca. eine halbe Stunde k\u00fchlstellen.<br \/>\n<a href=\"http:\/\/www.cookingchef-freun.de\/wordpress\/wp-content\/uploads\/2019\/06\/P1150820.jpg\"><img decoding=\"async\" loading=\"lazy\" class=\"alignnone size-medium wp-image-11474\" src=\"http:\/\/www.cookingchef-freun.de\/wordpress\/wp-content\/uploads\/2019\/06\/P1150820-300x225.jpg\" alt=\"\" width=\"300\" height=\"225\" srcset=\"https:\/\/www.cookingchef-freun.de\/wordpress\/wp-content\/uploads\/2019\/06\/P1150820-300x225.jpg 300w, https:\/\/www.cookingchef-freun.de\/wordpress\/wp-content\/uploads\/2019\/06\/P1150820.jpg 640w\" sizes=\"(max-width: 300px) 100vw, 300px\" \/><\/a><\/p>\n<p>Mit einem L\u00f6ffel Zimt und Zucker verr\u00fchren.<br \/>\n<a href=\"http:\/\/www.cookingchef-freun.de\/wordpress\/wp-content\/uploads\/2019\/06\/P1150821.jpg\"><img decoding=\"async\" loading=\"lazy\" class=\"alignnone size-medium wp-image-11473\" src=\"http:\/\/www.cookingchef-freun.de\/wordpress\/wp-content\/uploads\/2019\/06\/P1150821-300x225.jpg\" alt=\"\" width=\"300\" height=\"225\" srcset=\"https:\/\/www.cookingchef-freun.de\/wordpress\/wp-content\/uploads\/2019\/06\/P1150821-300x225.jpg 300w, https:\/\/www.cookingchef-freun.de\/wordpress\/wp-content\/uploads\/2019\/06\/P1150821.jpg 640w\" sizes=\"(max-width: 300px) 100vw, 300px\" \/><\/a><br \/>\nButter schmelzen<br \/>\n<a href=\"http:\/\/www.cookingchef-freun.de\/wordpress\/wp-content\/uploads\/2019\/06\/P1150824.jpg\"><img decoding=\"async\" loading=\"lazy\" class=\"alignnone size-medium wp-image-11470\" src=\"http:\/\/www.cookingchef-freun.de\/wordpress\/wp-content\/uploads\/2019\/06\/P1150824-300x225.jpg\" alt=\"\" width=\"300\" height=\"225\" srcset=\"https:\/\/www.cookingchef-freun.de\/wordpress\/wp-content\/uploads\/2019\/06\/P1150824-300x225.jpg 300w, https:\/\/www.cookingchef-freun.de\/wordpress\/wp-content\/uploads\/2019\/06\/P1150824.jpg 640w\" sizes=\"(max-width: 300px) 100vw, 300px\" \/><\/a><br \/>\nOfen auf 225 Grad O\/U vorheizen<br \/>\n<a href=\"http:\/\/www.cookingchef-freun.de\/wordpress\/wp-content\/uploads\/2019\/06\/P1150822.jpg\"><img decoding=\"async\" loading=\"lazy\" class=\"alignnone size-medium wp-image-11472\" src=\"http:\/\/www.cookingchef-freun.de\/wordpress\/wp-content\/uploads\/2019\/06\/P1150822-300x225.jpg\" alt=\"\" width=\"300\" height=\"225\" srcset=\"https:\/\/www.cookingchef-freun.de\/wordpress\/wp-content\/uploads\/2019\/06\/P1150822-300x225.jpg 300w, https:\/\/www.cookingchef-freun.de\/wordpress\/wp-content\/uploads\/2019\/06\/P1150822.jpg 640w\" sizes=\"(max-width: 300px) 100vw, 300px\" \/><\/a><br \/>\nZwei Bleche mit Backpapier auskleiden und am besten je eine H\u00e4lfte des Teiges direkt auf dem Backpapier auswalzen (ich habe es auf der Arbeitsplatte gemacht, musste dann sp\u00e4ter den Teig umheben. Das n\u00e4chste Mal mache ich es direkt auf dem Backpapier).<\/p>\n<p><a href=\"http:\/\/www.cookingchef-freun.de\/wordpress\/wp-content\/uploads\/2019\/06\/P1150826.jpg\"><img decoding=\"async\" loading=\"lazy\" class=\"alignnone size-medium wp-image-11468\" src=\"http:\/\/www.cookingchef-freun.de\/wordpress\/wp-content\/uploads\/2019\/06\/P1150826-300x225.jpg\" alt=\"\" width=\"300\" height=\"225\" srcset=\"https:\/\/www.cookingchef-freun.de\/wordpress\/wp-content\/uploads\/2019\/06\/P1150826-300x225.jpg 300w, https:\/\/www.cookingchef-freun.de\/wordpress\/wp-content\/uploads\/2019\/06\/P1150826.jpg 640w\" sizes=\"(max-width: 300px) 100vw, 300px\" \/><\/a><\/p>\n<p>Den ausgewalzten Teig in nachogro\u00dfe Dreiecke schneiden. Das geht z.B. mit einem Raviolirad oder Messer. Ich hab das Betty-Bossi-Rad verwendet.<br \/>\n<a href=\"http:\/\/www.cookingchef-freun.de\/wordpress\/wp-content\/uploads\/2019\/06\/P1150828.jpg\"><img decoding=\"async\" loading=\"lazy\" class=\"alignnone size-medium wp-image-11466\" src=\"http:\/\/www.cookingchef-freun.de\/wordpress\/wp-content\/uploads\/2019\/06\/P1150828-300x225.jpg\" alt=\"\" width=\"300\" height=\"225\" srcset=\"https:\/\/www.cookingchef-freun.de\/wordpress\/wp-content\/uploads\/2019\/06\/P1150828-300x225.jpg 300w, https:\/\/www.cookingchef-freun.de\/wordpress\/wp-content\/uploads\/2019\/06\/P1150828.jpg 640w\" sizes=\"(max-width: 300px) 100vw, 300px\" \/><\/a><br \/>\nJetzt mit Butter bestreichen und dann das Zimt-Zuckergemisch drauf.<br \/>\n<a href=\"http:\/\/www.cookingchef-freun.de\/wordpress\/wp-content\/uploads\/2019\/06\/P1150830.jpg\"><img decoding=\"async\" loading=\"lazy\" class=\"alignnone size-medium wp-image-11464\" src=\"http:\/\/www.cookingchef-freun.de\/wordpress\/wp-content\/uploads\/2019\/06\/P1150830-300x225.jpg\" alt=\"\" width=\"300\" height=\"225\" srcset=\"https:\/\/www.cookingchef-freun.de\/wordpress\/wp-content\/uploads\/2019\/06\/P1150830-300x225.jpg 300w, https:\/\/www.cookingchef-freun.de\/wordpress\/wp-content\/uploads\/2019\/06\/P1150830.jpg 640w\" sizes=\"(max-width: 300px) 100vw, 300px\" \/><\/a> <a href=\"http:\/\/www.cookingchef-freun.de\/wordpress\/wp-content\/uploads\/2019\/06\/P1150831.jpg\"><img decoding=\"async\" loading=\"lazy\" class=\"alignnone size-medium wp-image-11463\" src=\"http:\/\/www.cookingchef-freun.de\/wordpress\/wp-content\/uploads\/2019\/06\/P1150831-300x225.jpg\" alt=\"\" width=\"300\" height=\"225\" srcset=\"https:\/\/www.cookingchef-freun.de\/wordpress\/wp-content\/uploads\/2019\/06\/P1150831-300x225.jpg 300w, https:\/\/www.cookingchef-freun.de\/wordpress\/wp-content\/uploads\/2019\/06\/P1150831.jpg 640w\" sizes=\"(max-width: 300px) 100vw, 300px\" \/><\/a><br \/>\nIngesamt 10 Minuten bei 225 Grad O\/U backen. Nach ca. 5 Minuten wenden.<br \/>\n<a href=\"http:\/\/www.cookingchef-freun.de\/wordpress\/wp-content\/uploads\/2019\/06\/P1150832.jpg\"><img decoding=\"async\" loading=\"lazy\" class=\"alignnone size-medium wp-image-11462\" src=\"http:\/\/www.cookingchef-freun.de\/wordpress\/wp-content\/uploads\/2019\/06\/P1150832-300x225.jpg\" alt=\"\" width=\"300\" height=\"225\" srcset=\"https:\/\/www.cookingchef-freun.de\/wordpress\/wp-content\/uploads\/2019\/06\/P1150832-300x225.jpg 300w, https:\/\/www.cookingchef-freun.de\/wordpress\/wp-content\/uploads\/2019\/06\/P1150832.jpg 640w\" sizes=\"(max-width: 300px) 100vw, 300px\" \/><\/a> <a href=\"http:\/\/www.cookingchef-freun.de\/wordpress\/wp-content\/uploads\/2019\/06\/P1150833.jpg\"><img decoding=\"async\" loading=\"lazy\" class=\"alignnone size-medium wp-image-11461\" src=\"http:\/\/www.cookingchef-freun.de\/wordpress\/wp-content\/uploads\/2019\/06\/P1150833-300x225.jpg\" alt=\"\" width=\"300\" height=\"225\" srcset=\"https:\/\/www.cookingchef-freun.de\/wordpress\/wp-content\/uploads\/2019\/06\/P1150833-300x225.jpg 300w, https:\/\/www.cookingchef-freun.de\/wordpress\/wp-content\/uploads\/2019\/06\/P1150833.jpg 640w\" sizes=\"(max-width: 300px) 100vw, 300px\" \/><\/a><\/p>\n<p>Nun heiss auf einen Teller legen. Eine Kugel Eis drauf. Schokoladensauce dar\u00fcber und sofort geniessen. Es schmeckt leider geil&#8230;&#8230;<br \/>\n<a href=\"http:\/\/www.cookingchef-freun.de\/wordpress\/wp-content\/uploads\/2019\/06\/P1150839.jpg\"><img decoding=\"async\" loading=\"lazy\" class=\"alignnone size-medium wp-image-11455\" src=\"http:\/\/www.cookingchef-freun.de\/wordpress\/wp-content\/uploads\/2019\/06\/P1150839-300x225.jpg\" alt=\"\" width=\"300\" height=\"225\" srcset=\"https:\/\/www.cookingchef-freun.de\/wordpress\/wp-content\/uploads\/2019\/06\/P1150839-300x225.jpg 300w, https:\/\/www.cookingchef-freun.de\/wordpress\/wp-content\/uploads\/2019\/06\/P1150839.jpg 640w\" sizes=\"(max-width: 300px) 100vw, 300px\" \/><\/a><\/p>\n","protected":false},"excerpt":{"rendered":"<p>In Kalifornien gibt es eine Fastfoodkette namens Taco Bell mit mexikanischem Essen, die \u00fcberall auf der Welt Ihre Filialen hat. Wir waren vor ein paar Wochen in Barcelona bei Taco Bell und dieses unglaublich leckere Dessert probiert.\u00a0 So gut uns das m\u00f6glich war haben wir bei der Zubereitung zugeschaut und es heute nachgebaut (allerdings mit &hellip; <a href=\"https:\/\/www.cookingchef-freun.de\/?p=11454\" class=\"more-link\"><span class=\"screen-reader-text\">Icecream-Nachos<\/span> weiterlesen <span class=\"meta-nav\">&rarr;<\/span><\/a><\/p>\n","protected":false},"author":3,"featured_media":0,"comment_status":"closed","ping_status":"closed","sticky":false,"template":"","format":"standard","meta":[],"categories":[39,125,44],"tags":[],"_links":{"self":[{"href":"https:\/\/www.cookingchef-freun.de\/index.php?rest_route=\/wp\/v2\/posts\/11454"}],"collection":[{"href":"https:\/\/www.cookingchef-freun.de\/index.php?rest_route=\/wp\/v2\/posts"}],"about":[{"href":"https:\/\/www.cookingchef-freun.de\/index.php?rest_route=\/wp\/v2\/types\/post"}],"author":[{"embeddable":true,"href":"https:\/\/www.cookingchef-freun.de\/index.php?rest_route=\/wp\/v2\/users\/3"}],"replies":[{"embeddable":true,"href":"https:\/\/www.cookingchef-freun.de\/index.php?rest_route=%2Fwp%2Fv2%2Fcomments&post=11454"}],"version-history":[{"count":7,"href":"https:\/\/www.cookingchef-freun.de\/index.php?rest_route=\/wp\/v2\/posts\/11454\/revisions"}],"predecessor-version":[{"id":11536,"href":"https:\/\/www.cookingchef-freun.de\/index.php?rest_route=\/wp\/v2\/posts\/11454\/revisions\/11536"}],"wp:attachment":[{"href":"https:\/\/www.cookingchef-freun.de\/index.php?rest_route=%2Fwp%2Fv2%2Fmedia&parent=11454"}],"wp:term":[{"taxonomy":"category","embeddable":true,"href":"https:\/\/www.cookingchef-freun.de\/index.php?rest_route=%2Fwp%2Fv2%2Fcategories&post=11454"},{"taxonomy":"post_tag","embeddable":true,"href":"https:\/\/www.cookingchef-freun.de\/index.php?rest_route=%2Fwp%2Fv2%2Ftags&post=11454"}],"curies":[{"name":"wp","href":"https:\/\/api.w.org\/{rel}","templated":true}]}}