{"id":11422,"date":"2019-05-11T21:49:16","date_gmt":"2019-05-11T21:49:16","guid":{"rendered":"http:\/\/www.cookingchef-freun.de\/?p=11422"},"modified":"2020-05-31T11:33:53","modified_gmt":"2020-05-31T11:33:53","slug":"focaccia-alla-breban","status":"publish","type":"post","link":"https:\/\/www.cookingchef-freun.de\/?p=11422","title":{"rendered":"Focaccia alla Breban"},"content":{"rendered":"<p><a href=\"http:\/\/www.cookingchef-freun.de\/wordpress\/wp-content\/uploads\/2019\/05\/foccaccia1.jpg\"><img decoding=\"async\" loading=\"lazy\" class=\"alignnone size-medium wp-image-11424\" src=\"http:\/\/www.cookingchef-freun.de\/wordpress\/wp-content\/uploads\/2019\/05\/foccaccia1-300x225.jpg\" alt=\"\" width=\"300\" height=\"225\" srcset=\"https:\/\/www.cookingchef-freun.de\/wordpress\/wp-content\/uploads\/2019\/05\/foccaccia1-300x225.jpg 300w, https:\/\/www.cookingchef-freun.de\/wordpress\/wp-content\/uploads\/2019\/05\/foccaccia1.jpg 640w\" sizes=\"(max-width: 300px) 100vw, 300px\" \/><\/a> <a href=\"http:\/\/www.cookingchef-freun.de\/wordpress\/wp-content\/uploads\/2019\/05\/foccacia2.jpg\"><img decoding=\"async\" loading=\"lazy\" class=\"alignnone size-medium wp-image-11425\" src=\"http:\/\/www.cookingchef-freun.de\/wordpress\/wp-content\/uploads\/2019\/05\/foccacia2-300x225.jpg\" alt=\"\" width=\"300\" height=\"225\" srcset=\"https:\/\/www.cookingchef-freun.de\/wordpress\/wp-content\/uploads\/2019\/05\/foccacia2-300x225.jpg 300w, https:\/\/www.cookingchef-freun.de\/wordpress\/wp-content\/uploads\/2019\/05\/foccacia2.jpg 640w\" sizes=\"(max-width: 300px) 100vw, 300px\" \/><\/a><br \/>\nDie Idee f\u00fcr diese Focaccia stammt von meiner lieben Freundin Breban, ich hab es nur kopiert. Breban hat das Rezept von Fables de Sucre, ich hab das Rezept aus dem Italienischen \u00fcbersetzt und auf CC umgewandelt<\/p>\n<p>F\u00fcr eine runde Form mit ca. 30 cm<\/p>\n<p>Zutaten<br \/>\n350 gr Semola rimacinata (gemahlener Hartweizengriess)<br \/>\n130 gr gekochte Kartoffeln<br \/>\n220 gr Wasser<br \/>\n4 gr Hefe (oder 130 gr. Lievito madre)<br \/>\n7 gr Zucker<br \/>\n11 gr Salz<\/p>\n<p>Zum Dekorieren:<br \/>\nKirschtomaten<br \/>\nOregano<br \/>\nRosmarin<br \/>\nOliven<br \/>\nSpargel<br \/>\nSchnittlauch<br \/>\ngrobes Salz etc. etc.<\/p>\n<p>Zum \u00d6len:<br \/>\nOliven\u00f6l<\/p>\n<p>Zubereitung<br \/>\nGekochte Kartoffeln in den Kessel geben, Flexi einsetzen, r\u00fchren, bis die Kartoffeln p\u00fcriert sind.<br \/>\n<a href=\"http:\/\/www.cookingchef-freun.de\/wordpress\/wp-content\/uploads\/2019\/05\/focacia7.jpg\"><img decoding=\"async\" loading=\"lazy\" class=\"alignnone size-medium wp-image-11423\" src=\"http:\/\/www.cookingchef-freun.de\/wordpress\/wp-content\/uploads\/2019\/05\/focacia7-300x225.jpg\" alt=\"\" width=\"300\" height=\"225\" srcset=\"https:\/\/www.cookingchef-freun.de\/wordpress\/wp-content\/uploads\/2019\/05\/focacia7-300x225.jpg 300w, https:\/\/www.cookingchef-freun.de\/wordpress\/wp-content\/uploads\/2019\/05\/focacia7.jpg 640w\" sizes=\"(max-width: 300px) 100vw, 300px\" \/><\/a><\/p>\n<p>Dann restliche Zutaten f\u00fcr den Teig zugeben (zu Beginn etwas von dem Wasser zur\u00fcckhalten) und mit dem Knethaken zu einem homogenen Teig verr\u00fchren.<\/p>\n<p>Abdecken und gehen lassen, bis der Teig sich verdoppelt hat (ca halbe &#8211; eine Stunde).<br \/>\n<a href=\"http:\/\/www.cookingchef-freun.de\/wordpress\/wp-content\/uploads\/2019\/05\/foccacia6.jpg\"><img decoding=\"async\" loading=\"lazy\" class=\"alignnone size-medium wp-image-11429\" src=\"http:\/\/www.cookingchef-freun.de\/wordpress\/wp-content\/uploads\/2019\/05\/foccacia6-300x225.jpg\" alt=\"\" width=\"300\" height=\"225\" srcset=\"https:\/\/www.cookingchef-freun.de\/wordpress\/wp-content\/uploads\/2019\/05\/foccacia6-300x225.jpg 300w, https:\/\/www.cookingchef-freun.de\/wordpress\/wp-content\/uploads\/2019\/05\/foccacia6.jpg 640w\" sizes=\"(max-width: 300px) 100vw, 300px\" \/><\/a> <a href=\"http:\/\/www.cookingchef-freun.de\/wordpress\/wp-content\/uploads\/2019\/05\/foccacia5.jpg\"><img decoding=\"async\" loading=\"lazy\" class=\"alignnone size-medium wp-image-11428\" src=\"http:\/\/www.cookingchef-freun.de\/wordpress\/wp-content\/uploads\/2019\/05\/foccacia5-300x225.jpg\" alt=\"\" width=\"300\" height=\"225\" srcset=\"https:\/\/www.cookingchef-freun.de\/wordpress\/wp-content\/uploads\/2019\/05\/foccacia5-300x225.jpg 300w, https:\/\/www.cookingchef-freun.de\/wordpress\/wp-content\/uploads\/2019\/05\/foccacia5.jpg 640w\" sizes=\"(max-width: 300px) 100vw, 300px\" \/><br \/>\n<\/a><br \/>\nEine runde Form ein\u00f6len und den Teig in die Form geben. Abdecken und ca. 1,5 Stunden im Warmen gehen lassen bis er sich verdoppelt hat.<br \/>\n<a href=\"http:\/\/www.cookingchef-freun.de\/wordpress\/wp-content\/uploads\/2019\/05\/foccacia4.jpg\"><img decoding=\"async\" loading=\"lazy\" class=\"alignnone size-medium wp-image-11427\" src=\"http:\/\/www.cookingchef-freun.de\/wordpress\/wp-content\/uploads\/2019\/05\/foccacia4-300x225.jpg\" alt=\"\" width=\"300\" height=\"225\" srcset=\"https:\/\/www.cookingchef-freun.de\/wordpress\/wp-content\/uploads\/2019\/05\/foccacia4-300x225.jpg 300w, https:\/\/www.cookingchef-freun.de\/wordpress\/wp-content\/uploads\/2019\/05\/foccacia4.jpg 640w\" sizes=\"(max-width: 300px) 100vw, 300px\" \/><\/a> <a href=\"http:\/\/www.cookingchef-freun.de\/wordpress\/wp-content\/uploads\/2019\/05\/foccacia3.jpg\"><img decoding=\"async\" loading=\"lazy\" class=\"alignnone size-medium wp-image-11426\" src=\"http:\/\/www.cookingchef-freun.de\/wordpress\/wp-content\/uploads\/2019\/05\/foccacia3-300x225.jpg\" alt=\"\" width=\"300\" height=\"225\" srcset=\"https:\/\/www.cookingchef-freun.de\/wordpress\/wp-content\/uploads\/2019\/05\/foccacia3-300x225.jpg 300w, https:\/\/www.cookingchef-freun.de\/wordpress\/wp-content\/uploads\/2019\/05\/foccacia3.jpg 640w\" sizes=\"(max-width: 300px) 100vw, 300px\" \/><br \/>\n<\/a><\/p>\n<p>Den Ofen auf 220 Grad vorheizen.<\/p>\n<p>Die Oberfl\u00e4che vom Teig nun mit Oliven\u00f6l ein\u00f6len. Die Focaccia dekorieren (den Spargel hatte ich 20 Minuten gekocht vorher).<\/p>\n<p>Ca. 20 Minuten im Ofen backen, bis die Farbe goldgelb ist.<\/p>\n<p>Dekovariante umgesetzt von Michaela Buchholz:<br \/>\n<a href=\"http:\/\/www.cookingchef-freun.de\/wordpress\/wp-content\/uploads\/2019\/05\/michaelabuchholz.jpg\"><img decoding=\"async\" loading=\"lazy\" class=\"alignnone size-medium wp-image-12118\" src=\"http:\/\/www.cookingchef-freun.de\/wordpress\/wp-content\/uploads\/2019\/05\/michaelabuchholz-225x300.jpg\" alt=\"\" width=\"225\" height=\"300\" srcset=\"https:\/\/www.cookingchef-freun.de\/wordpress\/wp-content\/uploads\/2019\/05\/michaelabuchholz-225x300.jpg 225w, https:\/\/www.cookingchef-freun.de\/wordpress\/wp-content\/uploads\/2019\/05\/michaelabuchholz.jpg 720w\" sizes=\"(max-width: 225px) 100vw, 225px\" \/><\/a> <img decoding=\"async\" loading=\"lazy\" class=\"alignnone size-medium wp-image-12119\" src=\"http:\/\/www.cookingchef-freun.de\/wordpress\/wp-content\/uploads\/2019\/05\/michaelabuchholz2-225x300.jpg\" alt=\"\" width=\"225\" height=\"300\" srcset=\"https:\/\/www.cookingchef-freun.de\/wordpress\/wp-content\/uploads\/2019\/05\/michaelabuchholz2-225x300.jpg 225w, https:\/\/www.cookingchef-freun.de\/wordpress\/wp-content\/uploads\/2019\/05\/michaelabuchholz2.jpg 720w\" sizes=\"(max-width: 225px) 100vw, 225px\" \/><br \/>\nUnd hier Dekovarianten, die von Conny opp umgesetzt wurden:<br \/>\n<a href=\"http:\/\/www.cookingchef-freun.de\/wordpress\/wp-content\/uploads\/2019\/05\/foccacciaconny.jpg\"><img decoding=\"async\" loading=\"lazy\" class=\"alignnone size-medium wp-image-12145\" src=\"http:\/\/www.cookingchef-freun.de\/wordpress\/wp-content\/uploads\/2019\/05\/foccacciaconny-225x300.jpg\" alt=\"\" width=\"225\" height=\"300\" srcset=\"https:\/\/www.cookingchef-freun.de\/wordpress\/wp-content\/uploads\/2019\/05\/foccacciaconny-225x300.jpg 225w, https:\/\/www.cookingchef-freun.de\/wordpress\/wp-content\/uploads\/2019\/05\/foccacciaconny.jpg 720w\" sizes=\"(max-width: 225px) 100vw, 225px\" \/><\/a> <a href=\"http:\/\/www.cookingchef-freun.de\/wordpress\/wp-content\/uploads\/2019\/05\/foccacciaconny1.jpg\"><img decoding=\"async\" loading=\"lazy\" class=\"alignnone size-medium wp-image-12146\" src=\"http:\/\/www.cookingchef-freun.de\/wordpress\/wp-content\/uploads\/2019\/05\/foccacciaconny1-225x300.jpg\" alt=\"\" width=\"225\" height=\"300\" srcset=\"https:\/\/www.cookingchef-freun.de\/wordpress\/wp-content\/uploads\/2019\/05\/foccacciaconny1-225x300.jpg 225w, https:\/\/www.cookingchef-freun.de\/wordpress\/wp-content\/uploads\/2019\/05\/foccacciaconny1.jpg 720w\" sizes=\"(max-width: 225px) 100vw, 225px\" \/><\/a> <a href=\"http:\/\/www.cookingchef-freun.de\/wordpress\/wp-content\/uploads\/2019\/05\/foccacciaconny2.jpg\"><img decoding=\"async\" loading=\"lazy\" class=\"alignnone size-medium wp-image-12147\" src=\"http:\/\/www.cookingchef-freun.de\/wordpress\/wp-content\/uploads\/2019\/05\/foccacciaconny2-225x300.jpg\" alt=\"\" width=\"225\" height=\"300\" srcset=\"https:\/\/www.cookingchef-freun.de\/wordpress\/wp-content\/uploads\/2019\/05\/foccacciaconny2-225x300.jpg 225w, https:\/\/www.cookingchef-freun.de\/wordpress\/wp-content\/uploads\/2019\/05\/foccacciaconny2.jpg 720w\" sizes=\"(max-width: 225px) 100vw, 225px\" \/><\/a><\/p>\n<p>&nbsp;<\/p>\n","protected":false},"excerpt":{"rendered":"<p>Die Idee f\u00fcr diese Focaccia stammt von meiner lieben Freundin Breban, ich hab es nur kopiert. Breban hat das Rezept von Fables de Sucre, ich hab das Rezept aus dem Italienischen \u00fcbersetzt und auf CC umgewandelt F\u00fcr eine runde Form mit ca. 30 cm Zutaten 350 gr Semola rimacinata (gemahlener Hartweizengriess) 130 gr gekochte Kartoffeln &hellip; <a href=\"https:\/\/www.cookingchef-freun.de\/?p=11422\" class=\"more-link\"><span class=\"screen-reader-text\">Focaccia alla Breban<\/span> weiterlesen <span class=\"meta-nav\">&rarr;<\/span><\/a><\/p>\n","protected":false},"author":3,"featured_media":0,"comment_status":"closed","ping_status":"closed","sticky":false,"template":"","format":"standard","meta":[],"categories":[35,3,126,1425,125,124],"tags":[1722],"_links":{"self":[{"href":"https:\/\/www.cookingchef-freun.de\/index.php?rest_route=\/wp\/v2\/posts\/11422"}],"collection":[{"href":"https:\/\/www.cookingchef-freun.de\/index.php?rest_route=\/wp\/v2\/posts"}],"about":[{"href":"https:\/\/www.cookingchef-freun.de\/index.php?rest_route=\/wp\/v2\/types\/post"}],"author":[{"embeddable":true,"href":"https:\/\/www.cookingchef-freun.de\/index.php?rest_route=\/wp\/v2\/users\/3"}],"replies":[{"embeddable":true,"href":"https:\/\/www.cookingchef-freun.de\/index.php?rest_route=%2Fwp%2Fv2%2Fcomments&post=11422"}],"version-history":[{"count":4,"href":"https:\/\/www.cookingchef-freun.de\/index.php?rest_route=\/wp\/v2\/posts\/11422\/revisions"}],"predecessor-version":[{"id":12148,"href":"https:\/\/www.cookingchef-freun.de\/index.php?rest_route=\/wp\/v2\/posts\/11422\/revisions\/12148"}],"wp:attachment":[{"href":"https:\/\/www.cookingchef-freun.de\/index.php?rest_route=%2Fwp%2Fv2%2Fmedia&parent=11422"}],"wp:term":[{"taxonomy":"category","embeddable":true,"href":"https:\/\/www.cookingchef-freun.de\/index.php?rest_route=%2Fwp%2Fv2%2Fcategories&post=11422"},{"taxonomy":"post_tag","embeddable":true,"href":"https:\/\/www.cookingchef-freun.de\/index.php?rest_route=%2Fwp%2Fv2%2Ftags&post=11422"}],"curies":[{"name":"wp","href":"https:\/\/api.w.org\/{rel}","templated":true}]}}