{"id":1041,"date":"2015-10-22T12:15:05","date_gmt":"2015-10-22T12:15:05","guid":{"rendered":"http:\/\/www.cookingchef-freun.de\/?p=1041"},"modified":"2017-06-19T11:42:20","modified_gmt":"2017-06-19T11:42:20","slug":"kraeuterbutter","status":"publish","type":"post","link":"https:\/\/www.cookingchef-freun.de\/?p=1041","title":{"rendered":"Kr\u00e4uterbutter"},"content":{"rendered":"<p><a href=\"http:\/\/www.cookingchef-freun.de\/wordpress\/wp-content\/uploads\/2015\/10\/kraeuterbutter.jpg\"><img decoding=\"async\" loading=\"lazy\" class=\"alignnone size-medium wp-image-3583\" src=\"http:\/\/www.cookingchef-freun.de\/wordpress\/wp-content\/uploads\/2015\/10\/kraeuterbutter-300x225.jpg\" alt=\"kraeuterbutter\" width=\"300\" height=\"225\" srcset=\"https:\/\/www.cookingchef-freun.de\/wordpress\/wp-content\/uploads\/2015\/10\/kraeuterbutter-300x225.jpg 300w, https:\/\/www.cookingchef-freun.de\/wordpress\/wp-content\/uploads\/2015\/10\/kraeuterbutter.jpg 960w\" sizes=\"(max-width: 300px) 100vw, 300px\" \/><\/a><br \/>\nFoto und Rezept von Melanie Gl\u00e4ser\/Rezept Nr. 1<\/p>\n<p><strong><span style=\"color: #ff9900;\">Rezept Nr. 1\/zur Verf\u00fcgung gestellt von Melanie Gl\u00e4ser<\/span><\/p>\n<p>Zutaten:<\/strong><br \/>\n250gr irische Butter (weich)<br \/>\n1 TL (etwas weniger) Ursalz<br \/>\n12 mal an der M\u00fchle mit schwarzem Pfeffer gedreht<br \/>\n3 kleine Knoblauchzehen<br \/>\n1 T\u00fcte (fast voll) TK Petersilie Aldi<br \/>\n1 T\u00fcte (fast leer) TK Basilikum Aldi<\/p>\n<p><strong>Zubereitung:<\/strong><br \/>\nAlles in die Sch\u00fcssel, K-Haken rein und verr\u00fchren lassen. Alternativ Multizerkleinerer mit Messer.<br \/>\nNach ca 30 Sek max war sie fertig<\/p>\n<p>War so ne spontane Resteverwertung.<\/p>\n<p><span data-ft=\"{&quot;tn&quot;:&quot;K&quot;}\"><span class=\"UFICommentBody _1n4g\"><span style=\"color: #ff9900;\"><strong>Rezept Nr. 2\/zur Verf\u00fcgung gestellt von Claudia Popp<\/strong><\/span><\/p>\n<p><strong>Zutaten:<\/strong><br \/>\n8 P\u00e4ckchen Butter dh. 2 kg<br \/>\nOregano frisch<br \/>\nRosmarin frisch<br \/>\nThymian frisch<br \/>\nSalbeibl\u00e4tter<br \/>\nPetersilie<br \/>\nSchnittlauch<br \/>\nggf. Knoblauch<br \/>\nSalz\/Pfeffer<\/p>\n<p><strong>Zubereitung:<\/strong><br \/>\nAlso ich nehm 8 P\u00e4ckchen Butter und dann an Kr\u00e4utern was ich im Garten finde. Vom Oregano so 4 gro\u00dfe Zweige und davon die Bl\u00e4tter. Rosmarin nicht ganz so viel, weils sonst zu intesiv wird. Dann noch Thymian, den nehm ich reichlich, weil ich den gerne mag. Salbeibl\u00e4tter, Petersilie wenn da ist und nat\u00fcrlich Schnittlauch. Wenn man mag, dann noch Knoblauch mit rein. Gut salzen und pfeffern und dann die weiche Butter mit den gehackten Kr\u00e4utern (in Gew\u00fcrzm\u00fchle gehackt) in die Kenny mit dem K-Haken h\u00f6chstens 5 Minuten, dann ist alles gut vermengt.<\/p>\n<p>Ich wiege immer so 100 &#8211; 120 g ab und mache Rollen in Frischhaltefolie.<\/p>\n<p>Eindrehen und dann noch in Alufolie wickeln. So frier ich die Butter dann ein. Wenn ich sie brauche, dann nehm ich sie so ca 20 min vorher aus der Gefriertruhe, lass sie antauen und schneide sie dann in Scheiben.<\/span><\/span><\/p>\n","protected":false},"excerpt":{"rendered":"<p>Foto und Rezept von Melanie Gl\u00e4ser\/Rezept Nr. 1 Rezept Nr. 1\/zur Verf\u00fcgung gestellt von Melanie Gl\u00e4ser Zutaten: 250gr irische Butter (weich) 1 TL (etwas weniger) Ursalz 12 mal an der M\u00fchle mit schwarzem Pfeffer gedreht 3 kleine Knoblauchzehen 1 T\u00fcte (fast voll) TK Petersilie Aldi 1 T\u00fcte (fast leer) TK Basilikum Aldi Zubereitung: Alles in &hellip; <a href=\"https:\/\/www.cookingchef-freun.de\/?p=1041\" class=\"more-link\"><span class=\"screen-reader-text\">Kr\u00e4uterbutter<\/span> weiterlesen <span class=\"meta-nav\">&rarr;<\/span><\/a><\/p>\n","protected":false},"author":8,"featured_media":0,"comment_status":"open","ping_status":"open","sticky":false,"template":"","format":"standard","meta":[],"categories":[406,34,128,129,135,6,124],"tags":[196,115,184,408,478,570,1239,649],"_links":{"self":[{"href":"https:\/\/www.cookingchef-freun.de\/index.php?rest_route=\/wp\/v2\/posts\/1041"}],"collection":[{"href":"https:\/\/www.cookingchef-freun.de\/index.php?rest_route=\/wp\/v2\/posts"}],"about":[{"href":"https:\/\/www.cookingchef-freun.de\/index.php?rest_route=\/wp\/v2\/types\/post"}],"author":[{"embeddable":true,"href":"https:\/\/www.cookingchef-freun.de\/index.php?rest_route=\/wp\/v2\/users\/8"}],"replies":[{"embeddable":true,"href":"https:\/\/www.cookingchef-freun.de\/index.php?rest_route=%2Fwp%2Fv2%2Fcomments&post=1041"}],"version-history":[{"count":5,"href":"https:\/\/www.cookingchef-freun.de\/index.php?rest_route=\/wp\/v2\/posts\/1041\/revisions"}],"predecessor-version":[{"id":8735,"href":"https:\/\/www.cookingchef-freun.de\/index.php?rest_route=\/wp\/v2\/posts\/1041\/revisions\/8735"}],"wp:attachment":[{"href":"https:\/\/www.cookingchef-freun.de\/index.php?rest_route=%2Fwp%2Fv2%2Fmedia&parent=1041"}],"wp:term":[{"taxonomy":"category","embeddable":true,"href":"https:\/\/www.cookingchef-freun.de\/index.php?rest_route=%2Fwp%2Fv2%2Fcategories&post=1041"},{"taxonomy":"post_tag","embeddable":true,"href":"https:\/\/www.cookingchef-freun.de\/index.php?rest_route=%2Fwp%2Fv2%2Ftags&post=1041"}],"curies":[{"name":"wp","href":"https:\/\/api.w.org\/{rel}","templated":true}]}}